{"id":34901,"date":"2011-05-02T21:47:13","date_gmt":"2011-05-03T01:47:13","guid":{"rendered":"http:\/\/www.redenoticia.com.br\/noticia\/?p=34901"},"modified":"2011-05-03T12:47:23","modified_gmt":"2011-05-03T16:47:23","slug":"meteorologia-%e2%80%93-previsao-do-tempo-para-esta-terca-feira-0305","status":"publish","type":"post","link":"https:\/\/migracao.redenoticia.com.br\/noticia\/2011\/meteorologia-%e2%80%93-previsao-do-tempo-para-esta-terca-feira-0305\/34901","title":{"rendered":"Meteorologia \u2013 previs\u00e3o do tempo para esta ter\u00e7a-feira 03\/05"},"content":{"rendered":"<p><img loading=\"lazy\" decoding=\"async\" class=\"alignleft size-full wp-image-28409\" title=\"previsao do tempo e temperatura\" src=\"https:\/\/migracao.redenoticia.com.br\/noticia\/imagens\/previsao-do-tempo-e-temperatura.jpg\" alt=\"\" width=\"300\" height=\"193\" srcset=\"https:\/\/migracao.redenoticia.com.br\/noticia\/imagens\/previsao-do-tempo-e-temperatura.jpg 300w, https:\/\/migracao.redenoticia.com.br\/noticia\/imagens\/previsao-do-tempo-e-temperatura-250x160.jpg 250w, https:\/\/migracao.redenoticia.com.br\/noticia\/imagens\/previsao-do-tempo-e-temperatura-150x96.jpg 150w\" sizes=\"auto, (max-width: 300px) 100vw, 300px\" \/>Previs\u00e3o do tempo\u00a0\u2013 a\u00a0<strong><em>meteorologia<\/em><\/strong> divulgou a <strong><em>previs\u00e3o do tempo<\/em><\/strong> e\u00a0<strong><em>temperatura<\/em><\/strong> para ter\u00e7a-feira (03\/05) e informa que ocorrer\u00e1 chuva intensa na faixa litor\u00e2nea entre SE e PE. Tamb\u00e9m dever\u00e1 ocorrer chuva forte localizada nas demais \u00e1reas de AL e de PE, na PB, RN, CE, centro-norte do PI e do MA, extremo norte do TO, centro-nordeste do PA e centro-nordeste do AM. Segundo a previs\u00e3o do tempo na quarta-feira (04\/05) ainda dever\u00e1 ocorrer chuva intensa na faixa litor\u00e2nea que vai de SE at\u00e9 o RN. Tamb\u00e9m dever\u00e1 ocorrer chuva forte localizada nas demais \u00e1reas de SE, de AL, de PE, da PB e do RN, no CE, centro-norte do PI e do MA, extremo norte do PI, centro e nordeste do PA, nordeste do AM e no sul de RR. Dados da previs\u00e3o do tempo indicam que at\u00e9 pelo menos at\u00e9 o dia 05\/05 dever\u00e1 continuar ocorrendo chuvas intensas com acumulados significativos e alto potencial destrutivo sobre parte do Norte e Nordeste do Brasil, principalmente no centro-nordeste do PA, norte do MA, do PI e do CE e em grande parte dos Estados do RN, PB, PE, AL e SE. A previs\u00e3o do tempo destaca que no litoral entre os Estados de SE e PB os acumulados di\u00e1rios ser\u00e3o superiores aos 80 mm em algumas localidades, entre 02\/05 e quarta-feira 04\/05.<\/p>\n<p>Vale do Para\u00edba \u2013 previs\u00e3o do tempo na ter\u00e7a-feira (03\/05) o tempo ficar\u00e1 inst\u00e1vel na faixa litor\u00e2nea. Nas demais \u00e1reas da regi\u00e3o o dia ter\u00e1 muitas nuvens e chuva isolada. A temperatura seguir\u00e1 um pouco mais amena.<\/p>\n<p>Regi\u00e3o Centro-Oeste \u2013 previs\u00e3o do tempo em\u00a003\/05\/2011:\u00a0No centro-norte de GO e no centro-nordeste de MT: sol entre poucas nuvens e com possibilidade de pancadas de chuva \u00e0 tarde. No sudeste de MT e nas demais \u00e1reas de GO: nublado com possibilidade de chuva. No norte de MS e nas demais \u00e1reas de MT: dia nublado. Nas demais \u00e1reas da Regi\u00e3o: sol e pouca nebulosidade. Temperatura amena no centro-sul da Regi\u00e3o. Temperatura m\u00e1xima: 31C no nordeste do MT. Temperatura m\u00ednima: 09C no sul de MS.<\/p>\n<p>Regi\u00e3o Nordeste \u2013 previs\u00e3o do tempo em\u00a003\/05\/2011:\u00a0No oeste da BA: sol entre nuvens com possibilidade de pancadas de chuva. No MA, no PI, no CE e no oeste de PE e no nordeste da BA: sol entre nebulosidade vari\u00e1vel e com fortes pancadas de chuva. Na faixa leste da Regi\u00e3o: nublado com pancadas de chuva, localmente forte. Nos litorais entre PE e o nordeste da BA: nublado com chuva a qualquer momento, que poder\u00e1 ser forte em alguns per\u00edodos com acumulados significativos. Temperatura est\u00e1vel. Temperatura m\u00e1xima: 34C no PI. Temperatura m\u00ednima: 18C no sudoeste da BA.<\/p>\n<p>Regi\u00e3o Norte \u2013 previs\u00e3o do tempo em\u00a003\/05\/2011:\u00a0No sudoeste do PA: sol entre nebulosidade vari\u00e1vel e com possibilidade de pancadas de chuva \u00e0 tarde. Em RO: dia nublado. No AC e no oeste do AM: encoberto com chuva isolada. Nas demais \u00e1reas da Regi\u00e3o: sol entre nebulosidade vari\u00e1vel e com pancadas de chuva, localmente forte. Temperatura amena em RO e no AC. Temperatura m\u00e1xima: 33C no leste do PA. Temperatura m\u00ednima: 14C no sul de RO.<\/p>\n<p>Regi\u00e3o Sudeste \u2013 previs\u00e3o do tempo em\u00a003\/05\/2011:\u00a0No oeste de SP: sol entre poucas nuvens. No leste de SP e no sudeste de MG: nublado com chuva isolada. No litoral de SP e no sul do RJ: tempo inst\u00e1vel com algumas aberturas de sol e chuva a qualquer momento. No leste de MG, nas demais \u00e1reas do RJ e no ES: nublado com pancadas de chuva. No nordeste de SP e no Tri\u00e2ngulo Mineiro: nublado com possibilidade de chuva. Nas demais \u00e1reas de MG: sol entre poucas nuvens e com possibilidade de pancadas de chuva. Nas demais \u00e1reas de SP: sol e poucas nuvens. Temperatura amena no centro-sul do Sudeste. Temperatura m\u00e1xima: 30C no norte de MG. Temperatura m\u00ednima: 11C na Serra da Mantiqueira.<\/p>\n<p>Regi\u00e3o Sul \u2013 previs\u00e3o do tempo em\u00a003\/05\/2011:\u00a0No litoral da Regi\u00e3o: tempo inst\u00e1vel com algumas aberturas de sol e chuva a qualquer momento. No nordeste de SC e no leste do PR: nublado com chuva isolada. No oeste do PR e do RS: predom\u00ednio de sol. Nas demais \u00e1reas da Regi\u00e3o: sol e varia\u00e7\u00e3o de nuvens. Dia estar\u00e1 ventoso no litoral do PR e no leste de SC. Temperatura amena. Temperatura m\u00e1xima: 22C no noroeste do PR. Temperatura m\u00ednima: 5C nas \u00e1reas de serra.<\/p>\n<p>Previs\u00e3o do tempo e temperatura CPTEC<\/p>\n<p>&nbsp;<\/p>\n","protected":false},"excerpt":{"rendered":"<p>Previs\u00e3o do tempo\u00a0\u2013 a\u00a0meteorologia divulgou a previs\u00e3o do tempo e\u00a0temperatura para ter\u00e7a-feira (03\/05) e informa que ocorrer\u00e1 chuva intensa na faixa litor\u00e2nea entre SE e PE. Tamb\u00e9m dever\u00e1 ocorrer chuva forte localizada nas demais \u00e1reas de AL e de PE, na PB, RN, CE, centro-norte do PI e do MA, extremo norte do TO, centro-nordeste [&hellip;]<\/p>\n","protected":false},"author":3,"featured_media":28409,"comment_status":"open","ping_status":"open","sticky":false,"template":"","format":"standard","meta":{"tdm_status":"","tdm_grid_status":"","footnotes":""},"categories":[22],"tags":[],"class_list":{"0":"post-34901","1":"post","2":"type-post","3":"status-publish","4":"format-standard","5":"has-post-thumbnail","7":"category-brasil"},"_links":{"self":[{"href":"https:\/\/migracao.redenoticia.com.br\/noticia\/wp-json\/wp\/v2\/posts\/34901","targetHints":{"allow":["GET"]}}],"collection":[{"href":"https:\/\/migracao.redenoticia.com.br\/noticia\/wp-json\/wp\/v2\/posts"}],"about":[{"href":"https:\/\/migracao.redenoticia.com.br\/noticia\/wp-json\/wp\/v2\/types\/post"}],"author":[{"embeddable":true,"href":"https:\/\/migracao.redenoticia.com.br\/noticia\/wp-json\/wp\/v2\/users\/3"}],"replies":[{"embeddable":true,"href":"https:\/\/migracao.redenoticia.com.br\/noticia\/wp-json\/wp\/v2\/comments?post=34901"}],"version-history":[{"count":0,"href":"https:\/\/migracao.redenoticia.com.br\/noticia\/wp-json\/wp\/v2\/posts\/34901\/revisions"}],"wp:featuredmedia":[{"embeddable":true,"href":"https:\/\/migracao.redenoticia.com.br\/noticia\/wp-json\/wp\/v2\/media\/28409"}],"wp:attachment":[{"href":"https:\/\/migracao.redenoticia.com.br\/noticia\/wp-json\/wp\/v2\/media?parent=34901"}],"wp:term":[{"taxonomy":"category","embeddable":true,"href":"https:\/\/migracao.redenoticia.com.br\/noticia\/wp-json\/wp\/v2\/categories?post=34901"},{"taxonomy":"post_tag","embeddable":true,"href":"https:\/\/migracao.redenoticia.com.br\/noticia\/wp-json\/wp\/v2\/tags?post=34901"}],"curies":[{"name":"wp","href":"https:\/\/api.w.org\/{rel}","templated":true}]}}