{"id":34910,"date":"2011-05-02T20:19:15","date_gmt":"2011-05-03T00:19:15","guid":{"rendered":"http:\/\/www.redenoticia.com.br\/noticia\/?p=34910"},"modified":"2011-05-02T22:25:51","modified_gmt":"2011-05-03T02:25:51","slug":"plataforma-freire-inscricoes-para-cursos-de-licenciatura","status":"publish","type":"post","link":"https:\/\/migracao.redenoticia.com.br\/noticia\/2011\/plataforma-freire-inscricoes-para-cursos-de-licenciatura\/34910","title":{"rendered":"Plataforma Freire: inscri\u00e7\u00f5es para cursos de licenciatura"},"content":{"rendered":"<p><a title=\"Professores da rede p\u00fablica t\u00eam nova oportunidade de se inscrever em cursos de licenciatura. (Foto: Tereza Sobreira)\" rel=\"milkbox:gallery\" href=\"http:\/\/portal.mec.gov.br\/images\/stories\/noticias\/2011\/professora_020511.jpg\"><\/a><em><strong><img loading=\"lazy\" decoding=\"async\" class=\"alignleft size-full wp-image-19249\" title=\"plataforma freire\" src=\"https:\/\/migracao.redenoticia.com.br\/noticia\/imagens\/plataforma-freire.jpg\" alt=\"\" width=\"300\" height=\"193\" srcset=\"https:\/\/migracao.redenoticia.com.br\/noticia\/imagens\/plataforma-freire.jpg 300w, https:\/\/migracao.redenoticia.com.br\/noticia\/imagens\/plataforma-freire-250x160.jpg 250w, https:\/\/migracao.redenoticia.com.br\/noticia\/imagens\/plataforma-freire-150x96.jpg 150w\" sizes=\"auto, (max-width: 300px) 100vw, 300px\" \/>Plataforma Freire <\/strong><\/em>&#8211; os professores em exerc\u00edcio na rede p\u00fablica de educa\u00e7\u00e3o b\u00e1sica j\u00e1 podem  realizar, no per\u00edodo de 2 a 22 de maio de 2011, as  pr\u00e9-inscri\u00e7\u00f5es em cursos de licenciatura presenciais ofertados no \u00e2mbito do  Plano Nacional de Forma\u00e7\u00e3o dos Professores da Educa\u00e7\u00e3o B\u00e1sica (<em><strong>Parfor  Presencial<\/strong><\/em>).\u00a0Os professores interessados podem acessar a <a href=\"http:\/\/freire.mec.gov.br\/index\/principal\/\" target=\"_blank\">Plataforma Freire<\/a>, sistema informatizado do MEC para gest\u00e3o da forma\u00e7\u00e3o, onde tamb\u00e9m poder\u00e3o obter outras informa\u00e7\u00f5es sobre as institui\u00e7\u00f5es de ensino superior, cursos e n\u00famero de vagas. No mesmo sistema poder\u00e3o realizar a pr\u00e9-inscri\u00e7\u00e3o. Aqueles que nunca acessaram a plataforma devem primeiro cadastrar seus curr\u00edculos.<\/p>\n<p>O Parfor Presencial \u00e9 uma a\u00e7\u00e3o organizada e financiada pela  Coordena\u00e7\u00e3o de Aperfei\u00e7oamento de Pessoal de N\u00edvel Superior (Capes) para atender  os objetivos da Pol\u00edtica Nacional de Forma\u00e7\u00e3o dos Profissionais do Magist\u00e9rio da  Educa\u00e7\u00e3o B\u00e1sica, institu\u00edda pelo Decreto 6.755, de 29 de janeiro de  2009.<\/p>\n<p>O objetivo principal do Parfor Presencial \u00e9 garantir aos  professores em exerc\u00edcio na rede p\u00fablica uma forma\u00e7\u00e3o acad\u00eamica, exigida pela  Lei de Diretrizes e bases da Educa\u00e7\u00e3o Nacional (LDBEN\/1996), bem como promover a  melhoria da qualidade da educa\u00e7\u00e3o b\u00e1sica.<\/p>\n<p>Os cursos ofertados no \u00e2mbito  do Parfor Presencial s\u00e3o os seguintes: primeira licenciatura, para professores  sem forma\u00e7\u00e3o superior, em exerc\u00edcio na rede p\u00fablica; segunda licenciatura, para  professores em exerc\u00edcio na rede p\u00fablica da educa\u00e7\u00e3o b\u00e1sica h\u00e1 pelo menos tr\u00eas  anos, em \u00e1rea distinta da sua forma\u00e7\u00e3o inicial; forma\u00e7\u00e3o pedag\u00f3gica, para  professores graduados, mas n\u00e3o licenciados, em exerc\u00edcio na rede  p\u00fablica.<\/p>\n<p>As  inscri\u00e7\u00f5es dever\u00e3o ser validadas pela secretaria de educa\u00e7\u00e3o estadual ou  municipal \u00e0 qual o professor em exerc\u00edcio estiver vinculado, no per\u00edodo de  23 de maio a 10 de junho de 2011.<\/p>\n<p>Em  caso de d\u00favidas, devem ligar para 0800 616161, op\u00e7\u00e3o 7, acessar o <a href=\"http:\/\/www.capes.gov.br\/fale-conosco\" target=\"_blank\">Fale Conosco<\/a>.<\/p>\n<p><script type=\"text\/javascript\"><\/script>Assessoria de Imprensa da Capes<\/p>\n<p>&nbsp;<\/p>\n","protected":false},"excerpt":{"rendered":"<p>Plataforma Freire &#8211; os professores em exerc\u00edcio na rede p\u00fablica de educa\u00e7\u00e3o b\u00e1sica j\u00e1 podem realizar, no per\u00edodo de 2 a 22 de maio de 2011, as pr\u00e9-inscri\u00e7\u00f5es em cursos de licenciatura presenciais ofertados no \u00e2mbito do Plano Nacional de Forma\u00e7\u00e3o dos Professores da Educa\u00e7\u00e3o B\u00e1sica (Parfor Presencial).\u00a0Os professores interessados podem acessar a Plataforma Freire, [&hellip;]<\/p>\n","protected":false},"author":3,"featured_media":19249,"comment_status":"open","ping_status":"open","sticky":false,"template":"","format":"standard","meta":{"tdm_status":"","tdm_grid_status":"","footnotes":""},"categories":[22,351,370],"tags":[],"class_list":{"0":"post-34910","1":"post","2":"type-post","3":"status-publish","4":"format-standard","5":"has-post-thumbnail","7":"category-brasil","8":"category-cursos","9":"category-inscricao"},"_links":{"self":[{"href":"https:\/\/migracao.redenoticia.com.br\/noticia\/wp-json\/wp\/v2\/posts\/34910","targetHints":{"allow":["GET"]}}],"collection":[{"href":"https:\/\/migracao.redenoticia.com.br\/noticia\/wp-json\/wp\/v2\/posts"}],"about":[{"href":"https:\/\/migracao.redenoticia.com.br\/noticia\/wp-json\/wp\/v2\/types\/post"}],"author":[{"embeddable":true,"href":"https:\/\/migracao.redenoticia.com.br\/noticia\/wp-json\/wp\/v2\/users\/3"}],"replies":[{"embeddable":true,"href":"https:\/\/migracao.redenoticia.com.br\/noticia\/wp-json\/wp\/v2\/comments?post=34910"}],"version-history":[{"count":0,"href":"https:\/\/migracao.redenoticia.com.br\/noticia\/wp-json\/wp\/v2\/posts\/34910\/revisions"}],"wp:featuredmedia":[{"embeddable":true,"href":"https:\/\/migracao.redenoticia.com.br\/noticia\/wp-json\/wp\/v2\/media\/19249"}],"wp:attachment":[{"href":"https:\/\/migracao.redenoticia.com.br\/noticia\/wp-json\/wp\/v2\/media?parent=34910"}],"wp:term":[{"taxonomy":"category","embeddable":true,"href":"https:\/\/migracao.redenoticia.com.br\/noticia\/wp-json\/wp\/v2\/categories?post=34910"},{"taxonomy":"post_tag","embeddable":true,"href":"https:\/\/migracao.redenoticia.com.br\/noticia\/wp-json\/wp\/v2\/tags?post=34910"}],"curies":[{"name":"wp","href":"https:\/\/api.w.org\/{rel}","templated":true}]}}