{"id":34921,"date":"2011-05-03T20:27:11","date_gmt":"2011-05-04T00:27:11","guid":{"rendered":"http:\/\/www.redenoticia.com.br\/noticia\/?p=34921"},"modified":"2011-05-04T12:21:23","modified_gmt":"2011-05-04T16:21:23","slug":"meteorologia-%e2%80%93-previsao-do-tempo-para-esta-quarta-feira-0405","status":"publish","type":"post","link":"https:\/\/migracao.redenoticia.com.br\/noticia\/2011\/meteorologia-%e2%80%93-previsao-do-tempo-para-esta-quarta-feira-0405\/34921","title":{"rendered":"Meteorologia \u2013 previs\u00e3o do tempo para esta quarta-feira 04\/05"},"content":{"rendered":"<p><img loading=\"lazy\" decoding=\"async\" class=\"alignleft size-full wp-image-28409\" title=\"previsao do tempo e temperatura\" src=\"https:\/\/migracao.redenoticia.com.br\/noticia\/imagens\/previsao-do-tempo-e-temperatura.jpg\" alt=\"\" width=\"300\" height=\"193\" srcset=\"https:\/\/migracao.redenoticia.com.br\/noticia\/imagens\/previsao-do-tempo-e-temperatura.jpg 300w, https:\/\/migracao.redenoticia.com.br\/noticia\/imagens\/previsao-do-tempo-e-temperatura-250x160.jpg 250w, https:\/\/migracao.redenoticia.com.br\/noticia\/imagens\/previsao-do-tempo-e-temperatura-150x96.jpg 150w\" sizes=\"auto, (max-width: 300px) 100vw, 300px\" \/><\/p>\n<p>Previs\u00e3o do tempo\u00a0\u2013 a\u00a0<strong><em>meteorologia<\/em><\/strong> divulgou a <strong><em>previs\u00e3o do tempo<\/em><\/strong> e\u00a0<strong><em>temperatura<\/em><\/strong> para esta quarta-feira (04\/05) e informa que uma massa de seco deixar\u00e1 o dia com sol e pouca nebulosidade em grande parte da Regi\u00e3o Sul, Centro-Oeste e no oeste de SP. Segundo a previs\u00e3o do tempo pela manh\u00e3 haver\u00e1 forma\u00e7\u00e3o de nevoeiro em pontos do RS, SC, do PR, sudoeste de SP e sul de MS. Dados da previs\u00e3o do tempo indicam que a chuva dever\u00e1 continuar e com acumulados que poder\u00e3o ser significativo no litoral que vai de SE at\u00e9 o RN. O dia ter\u00e1 muitas nuvens tamb\u00e9m e pancadas de chuva em quase toda a Regi\u00e3o Norte, no MA, no PI e no CE. A previs\u00e3o do tempo destaca que em algumas localidades poder\u00e1 chover forte. O tempo permanecer\u00e1 inst\u00e1vel no ES e litoral da BA. J\u00e1 no litoral de SC, do PR, de SP e do RJ a chance de chuva ser\u00e1 menor. Nas outras \u00e1reas do pa\u00eds o dia ser\u00e1 de sol entre nuvens. As temperaturas estar\u00e3o est\u00e1veis.<\/p>\n<p>Vale do Para\u00edba \u2013 previs\u00e3o do tempo na quarta-feira (04\/05) o dia ter\u00e1 sol e varia\u00e7\u00e3o de nebulosidade em grande parte da regi\u00e3o. Apenas no Litoral Norte que haver\u00e1 um pouco mais de nebulosidade e possibilidade de chuva. A temperatura n\u00e3o sofrer\u00e1 mudan\u00e7a significativa.<\/p>\n<p>Regi\u00e3o Centro-Oeste \u2013 previs\u00e3o do tempo em\u00a004\/05\/2011:\u00a0No nordeste de MT e na maior parte de GO: sol, nebulosidade vari\u00e1vel e possibilidade de pancadas de chuva isolada. Nas demais \u00e1reas da Regi\u00e3o: sol e poucas nuvens. Temperatura est\u00e1vel. Temperatura m\u00e1xima: 31C no nordeste do MT. Temperatura m\u00ednima: 09C no sul de MS.<\/p>\n<p>Regi\u00e3o Nordeste \u2013 previs\u00e3o do tempo em\u00a004\/05\/2011:\u00a0No interior da BA: sol com nebulosidade vari\u00e1vel. No litoral sul da BA: tempo inst\u00e1vel com nebulosidade vari\u00e1vel e chuva a qualquer hora. Na faixa litor\u00e2nea entre o SE e o RN: muitas nuvens e chuva. Nas demais \u00e1reas: sol entre nuvens e pancadas de chuva. Temperatura est\u00e1vel. Temperatura m\u00e1xima: 34C no PI. Temperatura m\u00ednima: 18C no sudoeste da BA.<\/p>\n<p>Regi\u00e3o Norte \u2013 previs\u00e3o do tempo em\u00a004\/05\/2011:\u00a0Em RO, no AC e no sul do AM: sol e poucas nuvens. No centro-sul do TO: sol entre poucas nuvens e com possibilidade de pancadas de chuva. Nas demais \u00e1reas da Regi\u00e3o: nublado com fortes pancadas de chuva. Temperatura amena em RO e no AC. Temperatura m\u00e1xima: 33C no leste do PA. Temperatura m\u00ednima: 14C no sul de RO.<\/p>\n<p>Regi\u00e3o Sudeste \u2013 previs\u00e3o do tempo em\u00a004\/05\/2011:\u00a0No litoral de SP e do RJ: muitas nuvens e possibilidade de chuva. No norte de SP e no centro-sul de MG: possibilidade de pancadas de chuva. Nas demais \u00e1reas: sol e poucas nuvens. Temperatura amena no centro-sul do Sudeste. Temperatura m\u00e1xima: 30C no norte de MG. Temperatura m\u00ednima: 11C na Serra da Mantiqueira.<\/p>\n<p>Regi\u00e3o Sul \u2013 previs\u00e3o do tempo em\u00a004\/05\/2011:\u00a0No litoral do PR: muitas nuvens e possibilidade de chuva. Nas demais \u00e1reas: predom\u00ednio de sol. Temperatura amena. Temperatura m\u00e1xima: 22C no noroeste do PR. Temperatura m\u00ednima: 5C nas \u00e1reas de serra.<\/p>\n<p>Previs\u00e3o do tempo e temperatura CPTEC<\/p>\n<p>&nbsp;<\/p>\n","protected":false},"excerpt":{"rendered":"<p>Previs\u00e3o do tempo\u00a0\u2013 a\u00a0meteorologia divulgou a previs\u00e3o do tempo e\u00a0temperatura para esta quarta-feira (04\/05) e informa que uma massa de seco deixar\u00e1 o dia com sol e pouca nebulosidade em grande parte da Regi\u00e3o Sul, Centro-Oeste e no oeste de SP. Segundo a previs\u00e3o do tempo pela manh\u00e3 haver\u00e1 forma\u00e7\u00e3o de nevoeiro em pontos do [&hellip;]<\/p>\n","protected":false},"author":3,"featured_media":28409,"comment_status":"open","ping_status":"open","sticky":false,"template":"","format":"standard","meta":{"tdm_status":"","tdm_grid_status":"","footnotes":""},"categories":[22],"tags":[],"class_list":{"0":"post-34921","1":"post","2":"type-post","3":"status-publish","4":"format-standard","5":"has-post-thumbnail","7":"category-brasil"},"_links":{"self":[{"href":"https:\/\/migracao.redenoticia.com.br\/noticia\/wp-json\/wp\/v2\/posts\/34921","targetHints":{"allow":["GET"]}}],"collection":[{"href":"https:\/\/migracao.redenoticia.com.br\/noticia\/wp-json\/wp\/v2\/posts"}],"about":[{"href":"https:\/\/migracao.redenoticia.com.br\/noticia\/wp-json\/wp\/v2\/types\/post"}],"author":[{"embeddable":true,"href":"https:\/\/migracao.redenoticia.com.br\/noticia\/wp-json\/wp\/v2\/users\/3"}],"replies":[{"embeddable":true,"href":"https:\/\/migracao.redenoticia.com.br\/noticia\/wp-json\/wp\/v2\/comments?post=34921"}],"version-history":[{"count":0,"href":"https:\/\/migracao.redenoticia.com.br\/noticia\/wp-json\/wp\/v2\/posts\/34921\/revisions"}],"wp:featuredmedia":[{"embeddable":true,"href":"https:\/\/migracao.redenoticia.com.br\/noticia\/wp-json\/wp\/v2\/media\/28409"}],"wp:attachment":[{"href":"https:\/\/migracao.redenoticia.com.br\/noticia\/wp-json\/wp\/v2\/media?parent=34921"}],"wp:term":[{"taxonomy":"category","embeddable":true,"href":"https:\/\/migracao.redenoticia.com.br\/noticia\/wp-json\/wp\/v2\/categories?post=34921"},{"taxonomy":"post_tag","embeddable":true,"href":"https:\/\/migracao.redenoticia.com.br\/noticia\/wp-json\/wp\/v2\/tags?post=34921"}],"curies":[{"name":"wp","href":"https:\/\/api.w.org\/{rel}","templated":true}]}}