{"id":34929,"date":"2011-05-03T20:54:11","date_gmt":"2011-05-04T00:54:11","guid":{"rendered":"http:\/\/www.redenoticia.com.br\/noticia\/?p=34929"},"modified":"2011-05-04T19:52:47","modified_gmt":"2011-05-04T23:52:47","slug":"contratacao-de-575-aprovados-em-concursos-receita-e-inss","status":"publish","type":"post","link":"https:\/\/migracao.redenoticia.com.br\/noticia\/2011\/contratacao-de-575-aprovados-em-concursos-receita-e-inss\/34929","title":{"rendered":"Contrata\u00e7\u00e3o de 575 aprovados em concursos Receita e INSS"},"content":{"rendered":"<p><img loading=\"lazy\" decoding=\"async\" class=\"alignleft size-full wp-image-28954\" title=\"concurso publico\" src=\"https:\/\/migracao.redenoticia.com.br\/noticia\/imagens\/concurso-publico.jpg\" alt=\"\" width=\"300\" height=\"193\" srcset=\"https:\/\/migracao.redenoticia.com.br\/noticia\/imagens\/concurso-publico.jpg 300w, https:\/\/migracao.redenoticia.com.br\/noticia\/imagens\/concurso-publico-250x160.jpg 250w, https:\/\/migracao.redenoticia.com.br\/noticia\/imagens\/concurso-publico-150x96.jpg 150w\" sizes=\"auto, (max-width: 300px) 100vw, 300px\" \/>Bras\u00edlia \u2013 O Di\u00e1rio Oficial da Uni\u00e3o publicou que o Minist\u00e9rio do Planejamento autorizou a Receita Federal a <em><strong>contratar<\/strong><\/em> 225 auditores e 100 analistas tribut\u00e1rios, <em><strong>aprovados no concurso p\u00fablico<\/strong><\/em> de 2009. A mesma portaria, assinada pela ministra Miriam Belchior, tamb\u00e9m autoriza a convoca\u00e7\u00e3o de 250 m\u00e9dicos aprovados no concurso do ano passado para a fun\u00e7\u00e3o de perito do Instituto Nacional de Seguro Social (INSS).<\/p>\n<p>Na verdade, ser\u00e3o chamados 500 concursados que n\u00e3o atingiram a pontua\u00e7\u00e3o m\u00ednima fixada para preencher as vagas definidas. Eles foram aprovados, mas ficaram na faixa dos excedentes. Todos ser\u00e3o contratados para suprir a necessidade de pessoal de fiscaliza\u00e7\u00e3o aduaneira nas \u00e1reas de fronteira e para a expans\u00e3o da rede de atendimento m\u00e9dico do INSS.<\/p>\n<p>Em mar\u00e7o, quando anunciou o corte de mais de R$ 50 bilh\u00f5es no Or\u00e7amento Geral da Uni\u00e3o deste ano, a ministra informou que tamb\u00e9m estavam suspensos concursos e contrata\u00e7\u00f5es. Ela adiantou, na ocasi\u00e3o, que s\u00f3 autorizaria novos ingressos no Servi\u00e7o P\u00fablico Federal depois de an\u00e1lises caso a caso.<\/p>\n<p>St\u00eanio Ribeiro<\/p>\n<p>Rep\u00f3rter da Ag\u00eancia Brasil<\/p>\n<p>Edi\u00e7\u00e3o: Vinicius Doria<\/p>\n","protected":false},"excerpt":{"rendered":"<p>Bras\u00edlia \u2013 O Di\u00e1rio Oficial da Uni\u00e3o publicou que o Minist\u00e9rio do Planejamento autorizou a Receita Federal a contratar 225 auditores e 100 analistas tribut\u00e1rios, aprovados no concurso p\u00fablico de 2009. A mesma portaria, assinada pela ministra Miriam Belchior, tamb\u00e9m autoriza a convoca\u00e7\u00e3o de 250 m\u00e9dicos aprovados no concurso do ano passado para a fun\u00e7\u00e3o [&hellip;]<\/p>\n","protected":false},"author":3,"featured_media":28954,"comment_status":"open","ping_status":"open","sticky":false,"template":"","format":"standard","meta":{"tdm_status":"","tdm_grid_status":"","footnotes":""},"categories":[22,352,370],"tags":[],"class_list":{"0":"post-34929","1":"post","2":"type-post","3":"status-publish","4":"format-standard","5":"has-post-thumbnail","7":"category-brasil","8":"category-concursos","9":"category-inscricao"},"_links":{"self":[{"href":"https:\/\/migracao.redenoticia.com.br\/noticia\/wp-json\/wp\/v2\/posts\/34929","targetHints":{"allow":["GET"]}}],"collection":[{"href":"https:\/\/migracao.redenoticia.com.br\/noticia\/wp-json\/wp\/v2\/posts"}],"about":[{"href":"https:\/\/migracao.redenoticia.com.br\/noticia\/wp-json\/wp\/v2\/types\/post"}],"author":[{"embeddable":true,"href":"https:\/\/migracao.redenoticia.com.br\/noticia\/wp-json\/wp\/v2\/users\/3"}],"replies":[{"embeddable":true,"href":"https:\/\/migracao.redenoticia.com.br\/noticia\/wp-json\/wp\/v2\/comments?post=34929"}],"version-history":[{"count":0,"href":"https:\/\/migracao.redenoticia.com.br\/noticia\/wp-json\/wp\/v2\/posts\/34929\/revisions"}],"wp:featuredmedia":[{"embeddable":true,"href":"https:\/\/migracao.redenoticia.com.br\/noticia\/wp-json\/wp\/v2\/media\/28954"}],"wp:attachment":[{"href":"https:\/\/migracao.redenoticia.com.br\/noticia\/wp-json\/wp\/v2\/media?parent=34929"}],"wp:term":[{"taxonomy":"category","embeddable":true,"href":"https:\/\/migracao.redenoticia.com.br\/noticia\/wp-json\/wp\/v2\/categories?post=34929"},{"taxonomy":"post_tag","embeddable":true,"href":"https:\/\/migracao.redenoticia.com.br\/noticia\/wp-json\/wp\/v2\/tags?post=34929"}],"curies":[{"name":"wp","href":"https:\/\/api.w.org\/{rel}","templated":true}]}}