{"id":3493,"date":"2009-06-22T17:52:10","date_gmt":"2009-06-22T21:52:10","guid":{"rendered":"http:\/\/www.redenoticia.com.br\/noticia\/?p=3493"},"modified":"2009-06-22T20:25:02","modified_gmt":"2009-06-23T00:25:02","slug":"ji-parana-ja-vacinou-50-vontra-a-poli-2","status":"publish","type":"post","link":"https:\/\/migracao.redenoticia.com.br\/noticia\/2009\/ji-parana-ja-vacinou-50-vontra-a-poli-2\/3493","title":{"rendered":"Ji-Paran\u00e1 j\u00e1 vacinou 50% vontra a poli"},"content":{"rendered":"<p>Somente no \u00faltimo s\u00e1bado, dia de mobiliza\u00e7\u00e3o nacional, a Divis\u00e3o de Imuniza\u00e7\u00e3o da Secretaria Municipal de Sa\u00fade (Semusa) alcan\u00e7ou a excelente marca de vacinar 5.988 (50,2%) das 10.192 crian\u00e7as que precisam tomar as gotinhas contra a poliomielite, doen\u00e7a mais conhecida como paralisia infantil, nas duas etapas da campanha. A vacina continua \u00e0 disposi\u00e7\u00e3o da popula\u00e7\u00e3o nos postos de sa\u00fade que contam com Sala de Vacina at\u00e9 o dia 22 de agosto, dia de mobiliza\u00e7\u00e3o da segunda etapa da vacina\u00e7\u00e3o.<\/p>\n<p>De acordo com a diretora da Imuniza\u00e7\u00e3o, Daniela Aidar, o percentual foi considerado pelo Minist\u00e9rio da Sa\u00fade como mais que satisfat\u00f3rio, uma vez que em anos anteriores o Dia \u201cD\u201d da vacina\u00e7\u00e3o contra a p\u00f3lio n\u00e3o atingia o percentual de 40% da meta estabelecida pelo minist\u00e9rio, que \u00e9, para Ji-Paran\u00e1, vacinar 95% das crian\u00e7as de 0 a 5 anos.<\/p>\n<p>Os postos com Salas de Vacina onde as crian\u00e7as que n\u00e3o receberam as gotinhas contra a p\u00f3lio ainda podem ser vacinadas s\u00e3o: 2 de Abril, Dom Bosco, KM 5, Primavera, Nova Bras\u00edlia, Exposi\u00e7\u00e3o, BNH Mulher e nos postos dos dois distritos de Ji-Paran\u00e1, Nova Colina e Nova Londrina.<\/p>\n<p>\u201cEstes primeiros n\u00fameros foram uma grata surpresa para n\u00f3s. Na sexta-feira t\u00ednhamos reservado 4 mil doses da vacina para o dia da mobiliza\u00e7\u00e3o, por\u00e9m, ainda no in\u00edcio da tarde de s\u00e1bado precisamos buscar mais vacinas, pois t\u00ednhamos usado todas\u201d, comemorou a enfermeira Daniela.<\/p>\n","protected":false},"excerpt":{"rendered":"<p>Somente no \u00faltimo s\u00e1bado, dia de mobiliza\u00e7\u00e3o nacional, a Divis\u00e3o de Imuniza\u00e7\u00e3o da Secretaria Municipal de Sa\u00fade (Semusa) alcan\u00e7ou a excelente marca de vacinar 5.988 (50,2%) das 10.192 crian\u00e7as que precisam tomar as gotinhas contra a poliomielite, doen\u00e7a mais conhecida como paralisia infantil, nas duas etapas da campanha. A vacina continua \u00e0 disposi\u00e7\u00e3o da popula\u00e7\u00e3o [&hellip;]<\/p>\n","protected":false},"author":2,"featured_media":0,"comment_status":"open","ping_status":"open","sticky":false,"template":"","format":"standard","meta":{"tdm_status":"","tdm_grid_status":"","footnotes":""},"categories":[5],"tags":[],"class_list":{"0":"post-3493","1":"post","2":"type-post","3":"status-publish","4":"format-standard","6":"category-saude-e-vida"},"_links":{"self":[{"href":"https:\/\/migracao.redenoticia.com.br\/noticia\/wp-json\/wp\/v2\/posts\/3493","targetHints":{"allow":["GET"]}}],"collection":[{"href":"https:\/\/migracao.redenoticia.com.br\/noticia\/wp-json\/wp\/v2\/posts"}],"about":[{"href":"https:\/\/migracao.redenoticia.com.br\/noticia\/wp-json\/wp\/v2\/types\/post"}],"author":[{"embeddable":true,"href":"https:\/\/migracao.redenoticia.com.br\/noticia\/wp-json\/wp\/v2\/users\/2"}],"replies":[{"embeddable":true,"href":"https:\/\/migracao.redenoticia.com.br\/noticia\/wp-json\/wp\/v2\/comments?post=3493"}],"version-history":[{"count":0,"href":"https:\/\/migracao.redenoticia.com.br\/noticia\/wp-json\/wp\/v2\/posts\/3493\/revisions"}],"wp:attachment":[{"href":"https:\/\/migracao.redenoticia.com.br\/noticia\/wp-json\/wp\/v2\/media?parent=3493"}],"wp:term":[{"taxonomy":"category","embeddable":true,"href":"https:\/\/migracao.redenoticia.com.br\/noticia\/wp-json\/wp\/v2\/categories?post=3493"},{"taxonomy":"post_tag","embeddable":true,"href":"https:\/\/migracao.redenoticia.com.br\/noticia\/wp-json\/wp\/v2\/tags?post=3493"}],"curies":[{"name":"wp","href":"https:\/\/api.w.org\/{rel}","templated":true}]}}