{"id":34939,"date":"2011-05-04T18:49:38","date_gmt":"2011-05-04T22:49:38","guid":{"rendered":"http:\/\/www.redenoticia.com.br\/noticia\/?p=34939"},"modified":"2011-05-04T18:49:38","modified_gmt":"2011-05-04T22:49:38","slug":"programa-de-estagio-da-globo-com-tem-inscricoes-abertas","status":"publish","type":"post","link":"https:\/\/migracao.redenoticia.com.br\/noticia\/2011\/programa-de-estagio-da-globo-com-tem-inscricoes-abertas\/34939","title":{"rendered":"Programa de est\u00e1gio da Globo.com tem inscri\u00e7\u00f5es abertas"},"content":{"rendered":"<p><img loading=\"lazy\" decoding=\"async\" class=\"alignleft size-full wp-image-34817\" title=\"estagio\" src=\"https:\/\/migracao.redenoticia.com.br\/noticia\/imagens\/estagio.jpg\" alt=\"\" width=\"301\" height=\"194\" srcset=\"https:\/\/migracao.redenoticia.com.br\/noticia\/imagens\/estagio.jpg 301w, https:\/\/migracao.redenoticia.com.br\/noticia\/imagens\/estagio-250x161.jpg 250w, https:\/\/migracao.redenoticia.com.br\/noticia\/imagens\/estagio-150x96.jpg 150w\" sizes=\"auto, (max-width: 301px) 100vw, 301px\" \/>As inscri\u00e7\u00f5es para o Estag.com, <em><strong>programa de est\u00e1gios da Globo.com<\/strong><\/em>, j\u00e1 est\u00e3o  abertas e terminam na pr\u00f3xima segunda-feira, dia 23 de maio. Para se inscrever \u00e9  preciso cadastrar o curr\u00edculo no endere\u00e7o <a href=\"http:\/\/www.globo.com\/talentos\" target=\"_blank\">www.globo.com\/talentos<\/a>. O processo  seletivo \u00e9 realizado em cinco etapas &#8211; an\u00e1lise de CV, prova online, entrevista  coletiva, painel e entrevista com o gestor.<\/p>\n<p>S\u00e3o oferecidas 15 vagas para estudantes de n\u00edvel superior com previs\u00e3o de  conclus\u00e3o at\u00e9 o primeiro semestre de 2013. Os interessados devem estar  matriculados nos cursos de Administra\u00e7\u00e3o, Comunica\u00e7\u00e3o Social, Desenho  Industrial, Marketing, Ci\u00eancias Cont\u00e1beis, Psicologia e todas as faculdades da  \u00e1rea de tecnologia, entre outros.<\/p>\n<p>Para os estagi\u00e1rios com carga hor\u00e1ria de 30h semanais, os benef\u00edcios  incluem bolsa-aux\u00edlio de R$ 1.000 e vale refei\u00e7\u00e3o de R$ 18,20 por dia. J\u00e1 para  os estagi\u00e1rios com carga hor\u00e1ria de 20h semanais a bolsa-aux\u00edlio \u00e9 de R$  670.<br \/>\nOs selecionados no Estag.com 2011\/1 come\u00e7am o programa de est\u00e1gio em  agosto e o contrato tem dura\u00e7\u00e3o de 12 meses, podendo ser renovado, uma \u00fanica  vez, por igual per\u00edodo. Em novembro, a Globo.com abre a segunda din\u00e2mica  seletiva para os est\u00e1gios que ter\u00e3o in\u00edcio em janeiro de 2012.<\/p>\n<p>Como forma de divulga\u00e7\u00e3o do Estag.com, a Globo.com participa esta semana  da Feira de Est\u00e1gio da UFRJ na Cidade Universit\u00e1ria.<br \/>\nPara d\u00favidas, a  Globo.com disponibiliza o e-mail estag@globo.com.<\/p>\n<p>Sobre a Globo.com<br \/>\nLan\u00e7ada no ano 2000, a Globo.com \u00e9 respons\u00e1vel pela  distribui\u00e7\u00e3o do conte\u00fado das Organiza\u00e7\u00f5es Globo na web e est\u00e1 entre os maiores  portais do pa\u00eds, atraindo cerca de 27 milh\u00f5es de visitantes \u00fanicos\/m\u00eas (dados  IBOPE Nielsen Online, Home and Work). Com uma estrat\u00e9gia focada em tr\u00eas pilares  de conte\u00fado: Esporte, Jornalismo e Entretenimento, categorias em que \u00e9 l\u00edder de  audi\u00eancia (ranking de visitantes \u00fanicos por m\u00eas) \u2013 a Globo.com re\u00fane sites como  G1, Globoesporte.com, Ego, Paparazzo, Techtudo, Receitas.com e Big Brother  Brasil, al\u00e9m de ferramentas como o Globomail.<br \/>\nCom uma equipe formada por mais  de 400 profissionais, entre designers, arquitetos de informa\u00e7\u00e3o, analistas de  sistemas e suporte, programadores, desenvolvedores, comunicadores, entre outros,  a Globo.com tem como prioridades a inova\u00e7\u00e3o e a criatividade.<\/p>\n","protected":false},"excerpt":{"rendered":"<p>As inscri\u00e7\u00f5es para o Estag.com, programa de est\u00e1gios da Globo.com, j\u00e1 est\u00e3o abertas e terminam na pr\u00f3xima segunda-feira, dia 23 de maio. Para se inscrever \u00e9 preciso cadastrar o curr\u00edculo no endere\u00e7o www.globo.com\/talentos. O processo seletivo \u00e9 realizado em cinco etapas &#8211; an\u00e1lise de CV, prova online, entrevista coletiva, painel e entrevista com o gestor. [&hellip;]<\/p>\n","protected":false},"author":3,"featured_media":34817,"comment_status":"open","ping_status":"open","sticky":false,"template":"","format":"standard","meta":{"tdm_status":"","tdm_grid_status":"","footnotes":""},"categories":[22,370,353],"tags":[],"class_list":{"0":"post-34939","1":"post","2":"type-post","3":"status-publish","4":"format-standard","5":"has-post-thumbnail","7":"category-brasil","8":"category-inscricao","9":"category-oportunidades"},"_links":{"self":[{"href":"https:\/\/migracao.redenoticia.com.br\/noticia\/wp-json\/wp\/v2\/posts\/34939","targetHints":{"allow":["GET"]}}],"collection":[{"href":"https:\/\/migracao.redenoticia.com.br\/noticia\/wp-json\/wp\/v2\/posts"}],"about":[{"href":"https:\/\/migracao.redenoticia.com.br\/noticia\/wp-json\/wp\/v2\/types\/post"}],"author":[{"embeddable":true,"href":"https:\/\/migracao.redenoticia.com.br\/noticia\/wp-json\/wp\/v2\/users\/3"}],"replies":[{"embeddable":true,"href":"https:\/\/migracao.redenoticia.com.br\/noticia\/wp-json\/wp\/v2\/comments?post=34939"}],"version-history":[{"count":0,"href":"https:\/\/migracao.redenoticia.com.br\/noticia\/wp-json\/wp\/v2\/posts\/34939\/revisions"}],"wp:featuredmedia":[{"embeddable":true,"href":"https:\/\/migracao.redenoticia.com.br\/noticia\/wp-json\/wp\/v2\/media\/34817"}],"wp:attachment":[{"href":"https:\/\/migracao.redenoticia.com.br\/noticia\/wp-json\/wp\/v2\/media?parent=34939"}],"wp:term":[{"taxonomy":"category","embeddable":true,"href":"https:\/\/migracao.redenoticia.com.br\/noticia\/wp-json\/wp\/v2\/categories?post=34939"},{"taxonomy":"post_tag","embeddable":true,"href":"https:\/\/migracao.redenoticia.com.br\/noticia\/wp-json\/wp\/v2\/tags?post=34939"}],"curies":[{"name":"wp","href":"https:\/\/api.w.org\/{rel}","templated":true}]}}