{"id":34941,"date":"2011-05-04T19:15:43","date_gmt":"2011-05-04T23:15:43","guid":{"rendered":"http:\/\/www.redenoticia.com.br\/noticia\/?p=34941"},"modified":"2011-05-04T19:15:43","modified_gmt":"2011-05-04T23:15:43","slug":"projeto-alo-enfermeiro%e2%80%9d-tira-duvidas-sobre-cancer","status":"publish","type":"post","link":"https:\/\/migracao.redenoticia.com.br\/noticia\/2011\/projeto-alo-enfermeiro%e2%80%9d-tira-duvidas-sobre-cancer\/34941","title":{"rendered":"Projeto &#8220;Al\u00f4, Enfermeiro\u201d tira d\u00favidas sobre c\u00e2ncer"},"content":{"rendered":"<p>Um levantamento realizado pelo Instituto do C\u00e2ncer do Estado de S\u00e3o Paulo (Icesp), ligado \u00e0 Secretaria da Sa\u00fade e \u00e0 Faculdade de Medicina da USP, apontou as principais d\u00favidas dos pacientes que fazem tratamento na institui\u00e7\u00e3o. A pesquisa foi feita atrav\u00e9s do projeto &#8220;<em><strong>Al\u00f4, Enfermeiro<\/strong><\/em>&#8220;, servi\u00e7o telef\u00f4nico 24 horas, voltado aos pacientes acompanhados na unidade. Mensalmente, o servi\u00e7o recebe cerca de 2,5 mil liga\u00e7\u00f5es.<\/p>\n<p>Segundo os dados, 60% das d\u00favidas est\u00e3o relacionadas a atividades cotidianas, como cuidados para sair de casa em dias ensolarados, procedimentos ap\u00f3s machucar-se em atividades habituais como cortar as unhas, alimenta\u00e7\u00e3o e at\u00e9 de que maneira ingerir as medica\u00e7\u00f5es. Muitos tamb\u00e9m entram em contato para solucionar problemas relacionados aos efeitos colaterais do tratamento de quimioterapia, como diarr\u00e9ia, febre, queda de cabelo, fadiga, n\u00e1usea e calor excessivo.<\/p>\n<p>Outro dado revelado pelo levantamento \u00e9 o perfil de quem utiliza o servi\u00e7o. Homens respondem por 55% atendimentos. A idade m\u00e9dia dos pacientes que procuram o servi\u00e7o \u00e9 de 60 anos.<\/p>\n<p>Na maioria dos casos, 57%, s\u00e3o os familiares e cuidadores dos pacientes que ligam para o servi\u00e7o. Do total de chamadas, 42% s\u00e3o relativas a pacientes com tumores hematol\u00f3gicos e gastrointestinais, 19% de pessoas com c\u00e2nceres ginecol\u00f3gicos, 13% de portadores de tumores no trato urol\u00f3gico e 10% de pacientes acometidos por tumores na regi\u00e3o cabe\u00e7a e pesco\u00e7o. Outros tipos de neoplasias somam 16% dos casos.<\/p>\n<p>&#8220;O objetivo do &#8216;Al\u00f4, Enfermeiro&#8217; \u00e9 proporcionar comodidade e seguran\u00e7a aos pacientes, evitando, assim, idas desnecess\u00e1rias ao hospital&#8221;, afirma Daniela Vivas, gerente de enfermagem do Icesp e respons\u00e1vel pelo servi\u00e7o.<\/p>\n<p>Com o objetivo de garantir a continuidade do seu tratamento, mesmo estando fora do hospital, o Icesp disponibiliza 24 horas por dia, o Servi\u00e7o AL\u00d4 ENFERMEIRO, que \u00e9 uma forma de facilitar o seu acesso ao enfermeiro de refer\u00eancia (enfermeiro que presta atendimento no ambulat\u00f3rio onde voc\u00ea \u00e9 atendido).<\/p>\n<p>Como utilizar?<\/p>\n<p>? No dia da primeira consulta m\u00e9dica no ambulat\u00f3rio, voc\u00ea tamb\u00e9m ser\u00e1 consultado pelo enfermeiro e nesse momento voc\u00ea receber\u00e1 o n\u00famero do telefone para entrar em contato;<br \/>\n? Ao ligar, favor ter em m\u00e3os o cart\u00e3o com o n\u00famero da matr\u00edcula no Icesp, um papel e um l\u00e1pis\/caneta para anotar as condutas informadas pelo enfermeiro.<\/p>\n<p>Quando utilizar?<\/p>\n<p>? Em qualquer momento, todos os dias;<br \/>\n? Preferencialmente antes de comparecer ao Atendimento R\u00e1pido.<\/p>\n<p>Para qu\u00ea utilizar?<\/p>\n<p>? Esclarecer d\u00favidas sobre os medicamentos que est\u00e1 fazendo uso;<br \/>\n? Informar as queixas que est\u00e1 sentindo no domic\u00edlio (em casa);<br \/>\n? Esclarecer d\u00favidas sobre as orienta\u00e7\u00f5es fornecidas pelos profissionais do hospital;<br \/>\n? Informar com anteced\u00eancia quando n\u00e3o puder comparecer em consulta, exames e tratamentos agendados;<br \/>\n? Esclarecer d\u00favidas referentes aos preparos de exames e tratamentos;<br \/>\n? Caso necessite de assist\u00eancia de nosso Pronto Atendimento.<\/p>\n<p>Quem pode utilizar?<\/p>\n<p>? As orienta\u00e7\u00f5es s\u00e3o espec\u00edficas para as suas d\u00favidas\/queixas, ou seja, para responder consultamos o seu prontu\u00e1rio e o seu m\u00e9dico, quando necess\u00e1rio. Dessa forma, esse atendimento \u00e9 oferecido exclusivamente aos pacientes matriculados no Icesp e os respectivos acompanhantes.<\/p>\n<p>Da Secretaria da Sa\u00fade<\/p>\n","protected":false},"excerpt":{"rendered":"<p>Um levantamento realizado pelo Instituto do C\u00e2ncer do Estado de S\u00e3o Paulo (Icesp), ligado \u00e0 Secretaria da Sa\u00fade e \u00e0 Faculdade de Medicina da USP, apontou as principais d\u00favidas dos pacientes que fazem tratamento na institui\u00e7\u00e3o. A pesquisa foi feita atrav\u00e9s do projeto &#8220;Al\u00f4, Enfermeiro&#8220;, servi\u00e7o telef\u00f4nico 24 horas, voltado aos pacientes acompanhados na unidade. [&hellip;]<\/p>\n","protected":false},"author":3,"featured_media":0,"comment_status":"open","ping_status":"open","sticky":false,"template":"","format":"standard","meta":{"tdm_status":"","tdm_grid_status":"","footnotes":""},"categories":[22,5],"tags":[],"class_list":{"0":"post-34941","1":"post","2":"type-post","3":"status-publish","4":"format-standard","6":"category-brasil","7":"category-saude-e-vida"},"_links":{"self":[{"href":"https:\/\/migracao.redenoticia.com.br\/noticia\/wp-json\/wp\/v2\/posts\/34941","targetHints":{"allow":["GET"]}}],"collection":[{"href":"https:\/\/migracao.redenoticia.com.br\/noticia\/wp-json\/wp\/v2\/posts"}],"about":[{"href":"https:\/\/migracao.redenoticia.com.br\/noticia\/wp-json\/wp\/v2\/types\/post"}],"author":[{"embeddable":true,"href":"https:\/\/migracao.redenoticia.com.br\/noticia\/wp-json\/wp\/v2\/users\/3"}],"replies":[{"embeddable":true,"href":"https:\/\/migracao.redenoticia.com.br\/noticia\/wp-json\/wp\/v2\/comments?post=34941"}],"version-history":[{"count":0,"href":"https:\/\/migracao.redenoticia.com.br\/noticia\/wp-json\/wp\/v2\/posts\/34941\/revisions"}],"wp:attachment":[{"href":"https:\/\/migracao.redenoticia.com.br\/noticia\/wp-json\/wp\/v2\/media?parent=34941"}],"wp:term":[{"taxonomy":"category","embeddable":true,"href":"https:\/\/migracao.redenoticia.com.br\/noticia\/wp-json\/wp\/v2\/categories?post=34941"},{"taxonomy":"post_tag","embeddable":true,"href":"https:\/\/migracao.redenoticia.com.br\/noticia\/wp-json\/wp\/v2\/tags?post=34941"}],"curies":[{"name":"wp","href":"https:\/\/api.w.org\/{rel}","templated":true}]}}