{"id":34947,"date":"2011-05-04T19:07:29","date_gmt":"2011-05-04T23:07:29","guid":{"rendered":"http:\/\/www.redenoticia.com.br\/noticia\/?p=34947"},"modified":"2011-05-04T19:42:31","modified_gmt":"2011-05-04T23:42:31","slug":"flexibilizacao-de-licitacoes-para-obras-da-copa-e-olimpiadas","status":"publish","type":"post","link":"https:\/\/migracao.redenoticia.com.br\/noticia\/2011\/flexibilizacao-de-licitacoes-para-obras-da-copa-e-olimpiadas\/34947","title":{"rendered":"Flexibiliza\u00e7\u00e3o de Licita\u00e7\u00f5es para obras da Copa e Olimp\u00edadas"},"content":{"rendered":"<p><em><strong>Licita\u00e7\u00f5es para obras da Copa e Olimp\u00edadas<\/strong><\/em> (Bras\u00edlia) &#8211; O ministro da Controladoria-Geral da Uni\u00e3o, Jorge Hage, disse hoje (4) ser favor\u00e1vel a flexibiliza\u00e7\u00e3o da Lei de Licita\u00e7\u00f5es para atender aos projetos da Copa do Mundo de 2014 e das Olimp\u00edadas de 2016, mas enfatizou a necessidade de fiscaliza\u00e7\u00e3o das obras.\u00a0\u201cAlgumas exig\u00eancias s\u00e3o irracionais e j\u00e1 n\u00e3o s\u00e3o cumpridas na Lei de Licita\u00e7\u00f5es. Sou a favor de que a lei seja funcional, seja posta em termos de razoabilidade e tudo que ficar nela tenha absoluto vigor na exig\u00eancia de seu cumprimento\u201d, afirmou.<\/p>\n<p>A flexibiliza\u00e7\u00e3o das regras foi inserida na Medida Provis\u00f3ria 521 pela relatora da mat\u00e9ria, deputada Jandira Feghali (PCdoB- RJ), e foi feita em conjunto com t\u00e9cnicos do Tribunal de Contas da Uni\u00e3o.<\/p>\n<p>O ministro Hage deu essas declara\u00e7\u00f5es logo depois de participar de audi\u00eancia p\u00fablica na C\u00e2mara dos Deputados.<\/p>\n<p>Roberta Lopes<\/p>\n<p>Rep\u00f3rter da Ag\u00eancia Brasil<\/p>\n<p>Edi\u00e7\u00e3o: Vinicius Doria<\/p>\n<p>Controlador-geral \u00e9 favor\u00e1vel \u00e0 flexibiliza\u00e7\u00e3o da Lei de Licita\u00e7\u00f5es para obras da Copa e das Olimp\u00edadas<\/p>\n","protected":false},"excerpt":{"rendered":"<p>Licita\u00e7\u00f5es para obras da Copa e Olimp\u00edadas (Bras\u00edlia) &#8211; O ministro da Controladoria-Geral da Uni\u00e3o, Jorge Hage, disse hoje (4) ser favor\u00e1vel a flexibiliza\u00e7\u00e3o da Lei de Licita\u00e7\u00f5es para atender aos projetos da Copa do Mundo de 2014 e das Olimp\u00edadas de 2016, mas enfatizou a necessidade de fiscaliza\u00e7\u00e3o das obras.\u00a0\u201cAlgumas exig\u00eancias s\u00e3o irracionais e [&hellip;]<\/p>\n","protected":false},"author":3,"featured_media":0,"comment_status":"open","ping_status":"open","sticky":false,"template":"","format":"standard","meta":{"tdm_status":"","tdm_grid_status":"","footnotes":""},"categories":[22,7],"tags":[],"class_list":{"0":"post-34947","1":"post","2":"type-post","3":"status-publish","4":"format-standard","6":"category-brasil","7":"category-economia"},"_links":{"self":[{"href":"https:\/\/migracao.redenoticia.com.br\/noticia\/wp-json\/wp\/v2\/posts\/34947","targetHints":{"allow":["GET"]}}],"collection":[{"href":"https:\/\/migracao.redenoticia.com.br\/noticia\/wp-json\/wp\/v2\/posts"}],"about":[{"href":"https:\/\/migracao.redenoticia.com.br\/noticia\/wp-json\/wp\/v2\/types\/post"}],"author":[{"embeddable":true,"href":"https:\/\/migracao.redenoticia.com.br\/noticia\/wp-json\/wp\/v2\/users\/3"}],"replies":[{"embeddable":true,"href":"https:\/\/migracao.redenoticia.com.br\/noticia\/wp-json\/wp\/v2\/comments?post=34947"}],"version-history":[{"count":0,"href":"https:\/\/migracao.redenoticia.com.br\/noticia\/wp-json\/wp\/v2\/posts\/34947\/revisions"}],"wp:attachment":[{"href":"https:\/\/migracao.redenoticia.com.br\/noticia\/wp-json\/wp\/v2\/media?parent=34947"}],"wp:term":[{"taxonomy":"category","embeddable":true,"href":"https:\/\/migracao.redenoticia.com.br\/noticia\/wp-json\/wp\/v2\/categories?post=34947"},{"taxonomy":"post_tag","embeddable":true,"href":"https:\/\/migracao.redenoticia.com.br\/noticia\/wp-json\/wp\/v2\/tags?post=34947"}],"curies":[{"name":"wp","href":"https:\/\/api.w.org\/{rel}","templated":true}]}}