{"id":35005,"date":"2011-11-26T10:06:14","date_gmt":"2011-11-26T12:06:14","guid":{"rendered":"http:\/\/www.redenoticia.com.br\/noticia\/?p=35005"},"modified":"2011-11-26T22:15:50","modified_gmt":"2011-11-27T00:15:50","slug":"cespeunb-banco-do-brasil-vai-realizar-certificacao-interna","status":"publish","type":"post","link":"https:\/\/migracao.redenoticia.com.br\/noticia\/2011\/cespeunb-banco-do-brasil-vai-realizar-certificacao-interna\/35005","title":{"rendered":"Cespe\/UnB &#8211; Banco do Brasil vai realizar certifica\u00e7\u00e3o interna"},"content":{"rendered":"<p><img loading=\"lazy\" decoding=\"async\" class=\"alignleft size-full wp-image-25797\" title=\"cespe unb concurso\" src=\"https:\/\/migracao.redenoticia.com.br\/noticia\/imagens\/cespe-unb-concurso.jpg\" alt=\"\" width=\"300\" height=\"193\" srcset=\"https:\/\/migracao.redenoticia.com.br\/noticia\/imagens\/cespe-unb-concurso.jpg 300w, https:\/\/migracao.redenoticia.com.br\/noticia\/imagens\/cespe-unb-concurso-250x160.jpg 250w, https:\/\/migracao.redenoticia.com.br\/noticia\/imagens\/cespe-unb-concurso-150x96.jpg 150w\" sizes=\"auto, (max-width: 300px) 100vw, 300px\" \/>Cespe\/UnB (Boletim informativo semanal &#8211; 9 a 15 de maio de 2011)\u00a0&#8211; mais uma vez o <em><strong>Cespe\/UnB<\/strong><\/em> ser\u00e1 o respons\u00e1vel pela aplica\u00e7\u00e3o do 8\u00ba certame de provas do Programa de <em><strong>Certifica\u00e7\u00e3o Interna<\/strong><\/em> em Conhecimentos do <em><strong>Banco do Brasil<\/strong><\/em>, voltada para funcion\u00e1rios da institui\u00e7\u00e3o. Por meio do Programa ser\u00e3o concedidas certifica\u00e7\u00f5es nas seguintes \u00e1reas de conhecimento: Agroneg\u00f3cios, Aspectos Jur\u00eddicos de Neg\u00f3cios Banc\u00e1rios, Com\u00e9rcio Exterior, Controles Internos e Compliance, Economia e Finan\u00e7as, Gest\u00e3o Organizacional e de Pessoas, Gest\u00e3o de Seguran\u00e7a, Gest\u00e3o do Cr\u00e9dito, Marketing, Responsabilidade Socioambiental\/Desenvolvimento Regional Sustent\u00e1vel e Setor P\u00fablico.<\/p>\n<p>As provas objetivas ocorrer\u00e3o em 249 polos de todo o pa\u00eds e est\u00e3o previstas para o dia 3 de julho.<\/p>\n<p>Ver tamb\u00e9m:<strong> <a href=\"https:\/\/migracao.redenoticia.com.br\/noticia\/2011\/banco-do-brasil-certificacao-interna-2011-2-previsao-da-prova-e-gabarito\/37389\" target=\"_blank\">Banco do Brasil certifica\u00e7\u00e3o interna 2011 (2): previs\u00e3o \u00a0 \u00a0da prova e gabarito<\/a><\/strong><\/p>\n<p>CERTIFICA\u00c7\u00c3O<\/p>\n<p>\u00daltima semana de inscri\u00e7\u00f5es para a Habilidade Espec\u00edfica<strong><br \/>\n<\/strong>Estudantes interessados em participar do processo da 1\u00aa Certifica\u00e7\u00e3o de Habilidade Espec\u00edfica de 2011 da Universidade de Bras\u00edlia podem se inscrever at\u00e9 o dia 12 maio, por meio da p\u00e1gina <strong><a href=\"http:\/\/www.cespe.unb.br\/vestibular\/1he2011\" target=\"_blank\">www.cespe.unb.br\/vestibular\/1he2011<\/a><\/strong>. A taxa de inscri\u00e7\u00e3o \u00e9 R$ 20,00. O certificado \u00e9 necess\u00e1rio para o ingresso nos cursos de gradua\u00e7\u00e3o em Arquitetura e Urbanismo, Artes C\u00eanicas (Bacharelado\/Licenciatura), Artes Pl\u00e1sticas (Bacharelado\/Licenciatura), Desenho Industrial (Bacharelado), Educa\u00e7\u00e3o Art\u00edstica: M\u00fasica (Licenciatura) e M\u00fasica (Bacharelado\/Licenciatura). A sele\u00e7\u00e3o est\u00e1 prevista para ocorrer entre os dias 28 e 30 de maio e ser\u00e1 feita por meio de testes pr\u00e1ticos e da avalia\u00e7\u00e3o de porta-f\u00f3lios.<\/p>\n<p>SELE\u00c7\u00d5ES<br \/>\nInscri\u00e7\u00f5es abertas para vestibulares da UnB<br \/>\nA Universidade de Bras\u00edlia est\u00e1 com as inscri\u00e7\u00f5es abertas para duas sele\u00e7\u00f5es. At\u00e9 o dia 19 de maio a institui\u00e7\u00e3o receber\u00e1 confirma\u00e7\u00f5es de participa\u00e7\u00e3o no 2\u00ba Vestibular de 2011, que oferece 4.016 vagas em 93 cursos de gradua\u00e7\u00e3o, distribu\u00eddos nos quatro campi da institui\u00e7\u00e3o. O edital com as regras e o formul\u00e1rio de inscri\u00e7\u00e3o est\u00e3o dispon\u00edveis no link <a href=\"http:\/\/www.cespe.unb.br\/vestibular\/2vest2011\" target=\"_blank\">www.cespe.unb.br\/vestibular\/2vest2011<\/a>. As taxas s\u00e3o R$ 100,00 (candidatos) e R$ 75,00 (treineiros). As provas est\u00e3o previstas para os dias 11 e 12 de junho.<\/p>\n<p>Educa\u00e7\u00e3o no Campo \u2013 J\u00e1 as inscri\u00e7\u00f5es para o vestibular para ingresso no curso de Licenciatura em Educa\u00e7\u00e3o no Campo estar\u00e3o abertas at\u00e9 o dia 24 de maio, na p\u00e1gina <a href=\"http:\/\/www.cespe.unb.br\/vestibular\/educacaodocampo2011\" target=\"_blank\">www.cespe.unb.br\/vestibular\/educacaodocampo2011<\/a>. S\u00e3o oferecidas 60 vagas com o objetivo de incentivar a forma\u00e7\u00e3o de professores e profissionais que atuar\u00e3o na educa\u00e7\u00e3o b\u00e1sica de escolas do campo da regi\u00e3o do DF, entorno e Goi\u00e1s. As inscri\u00e7\u00f5es s\u00e3o gratuitas. Para participar \u00e9 necess\u00e1rio que os candidatos tenham o ensino m\u00e9dio completo e n\u00e3o possuam forma\u00e7\u00e3o de n\u00edvel superior. Ser\u00e3o aplicadas provas objetivas e de reda\u00e7\u00e3o, previstas para 25 de junho, nas cidades de Cavalcante (GO), Formosa (GO) e Planaltina (DF).<\/p>\n<p>INTERA\u00c7\u00c3O<br \/>\nF\u00f3runs abrem vagas em cursos para alunos e pais<br \/>\nO F\u00f3rum Permanente de Estudantes, coordenado pelo Cespe\/UnB, abriu 800 vagas para o curso \u201cLer com prazer e escrever sem medo \u2013 Habilidades lingu\u00edsticas em leitura e produ\u00e7\u00e3o de textos\u201d, voltado para alunos do 9.\u00ba ano do ensino fundamental e de todo o ensino m\u00e9dio. As inscri\u00e7\u00f5es s\u00e3o gratuitas e podem ser feitas at\u00e9 o dia 20 de maio. H\u00e1 tamb\u00e9m dois cursos oferecidos pelo F\u00f3rum Permanente de Pais: \u201cMedita\u00e7\u00e3o Pr\u00e2nica \u2013 Sa\u00fade e autoconhecimento\u201d e \u201cMedita\u00e7\u00e3o Pr\u00e2nica para doentes cr\u00f4nicos\u201d, com 60 vagas cada um. Os pais interessados em participar podem se inscrever at\u00e9 23 de maio, com taxa de inscri\u00e7\u00e3o de R$ 80,00. O formul\u00e1rio de inscri\u00e7\u00e3o e informa\u00e7\u00f5es sobre os cursos est\u00e3o dispon\u00edveis na p\u00e1gina <a href=\"http:\/\/www.gie.cespe.unb.br\/\" target=\"_blank\">www.gie.cespe.unb.br<\/a>, nos links F\u00f3rum Permanente de Pais e F\u00f3rum Permanente de Estudantes.<\/p>\n<p>&nbsp;<\/p>\n","protected":false},"excerpt":{"rendered":"<p>Cespe\/UnB (Boletim informativo semanal &#8211; 9 a 15 de maio de 2011)\u00a0&#8211; mais uma vez o Cespe\/UnB ser\u00e1 o respons\u00e1vel pela aplica\u00e7\u00e3o do 8\u00ba certame de provas do Programa de Certifica\u00e7\u00e3o Interna em Conhecimentos do Banco do Brasil, voltada para funcion\u00e1rios da institui\u00e7\u00e3o. Por meio do Programa ser\u00e3o concedidas certifica\u00e7\u00f5es nas seguintes \u00e1reas de conhecimento: [&hellip;]<\/p>\n","protected":false},"author":3,"featured_media":25797,"comment_status":"open","ping_status":"open","sticky":false,"template":"","format":"standard","meta":{"tdm_status":"","tdm_grid_status":"","footnotes":""},"categories":[22],"tags":[],"class_list":{"0":"post-35005","1":"post","2":"type-post","3":"status-publish","4":"format-standard","5":"has-post-thumbnail","7":"category-brasil"},"_links":{"self":[{"href":"https:\/\/migracao.redenoticia.com.br\/noticia\/wp-json\/wp\/v2\/posts\/35005","targetHints":{"allow":["GET"]}}],"collection":[{"href":"https:\/\/migracao.redenoticia.com.br\/noticia\/wp-json\/wp\/v2\/posts"}],"about":[{"href":"https:\/\/migracao.redenoticia.com.br\/noticia\/wp-json\/wp\/v2\/types\/post"}],"author":[{"embeddable":true,"href":"https:\/\/migracao.redenoticia.com.br\/noticia\/wp-json\/wp\/v2\/users\/3"}],"replies":[{"embeddable":true,"href":"https:\/\/migracao.redenoticia.com.br\/noticia\/wp-json\/wp\/v2\/comments?post=35005"}],"version-history":[{"count":0,"href":"https:\/\/migracao.redenoticia.com.br\/noticia\/wp-json\/wp\/v2\/posts\/35005\/revisions"}],"wp:featuredmedia":[{"embeddable":true,"href":"https:\/\/migracao.redenoticia.com.br\/noticia\/wp-json\/wp\/v2\/media\/25797"}],"wp:attachment":[{"href":"https:\/\/migracao.redenoticia.com.br\/noticia\/wp-json\/wp\/v2\/media?parent=35005"}],"wp:term":[{"taxonomy":"category","embeddable":true,"href":"https:\/\/migracao.redenoticia.com.br\/noticia\/wp-json\/wp\/v2\/categories?post=35005"},{"taxonomy":"post_tag","embeddable":true,"href":"https:\/\/migracao.redenoticia.com.br\/noticia\/wp-json\/wp\/v2\/tags?post=35005"}],"curies":[{"name":"wp","href":"https:\/\/api.w.org\/{rel}","templated":true}]}}