{"id":3510,"date":"2009-06-22T22:19:14","date_gmt":"2009-06-23T02:19:14","guid":{"rendered":"http:\/\/www.redenoticia.com.br\/noticia\/?p=3510"},"modified":"2009-06-22T22:59:17","modified_gmt":"2009-06-23T02:59:17","slug":"sucatao-pega-fogo-em-ji-parana","status":"publish","type":"post","link":"https:\/\/migracao.redenoticia.com.br\/noticia\/2009\/sucatao-pega-fogo-em-ji-parana\/3510","title":{"rendered":"Sucat\u00e3o pega fogo em Ji-Paran\u00e1"},"content":{"rendered":"<p><span style=\"font-family: Verdana; font-size: small;\"><a href=\"https:\/\/migracao.redenoticia.com.br\/noticia\/imagens\/\/fogo.jpg\"><img loading=\"lazy\" decoding=\"async\" class=\"alignleft size-medium wp-image-3520\" title=\"fogo\" src=\"https:\/\/migracao.redenoticia.com.br\/noticia\/imagens\/\/fogo-249x187.jpg\" alt=\"fogo\" width=\"249\" height=\"187\" \/><\/a>Nesta segunda-feira (22), um sucat\u00e3o localizado na rua T-5, pr\u00f3ximo \u00e1 K-5, pegou fogo por duas vezes. Na primeira vez, ao meio-dia, os bombeiros tiveram uma certa dificuldade para controlar o fogo, que se alastrava rapidamente devido ao forte calor no momento. Por volta das 17:00 h, o sucat\u00e3o novamente pegou fogo, sendo agora controlado pelos moradores pr\u00f3ximo ao local.<\/span><\/p>\n<p><span style=\"font-family: Verdana; font-size: small;\">Segundo suspeitas, a causa do fogo teria sido criminosa, j\u00e1 que os moradores pr\u00f3ximos ao local reclamam pelo mau cheiro do sucat\u00e3o, que abriga os mais variados tipos de lixo recicl\u00e1vel. \u201cNingu\u00e9m viu quem colocou fogo no sucat\u00e3o, ou at\u00e9 mesmo a hora que come\u00e7ou a pegar fogo. S\u00f3 vimos a fuma\u00e7a preta no c\u00e9u e corremos para ver. \u00c9 s\u00f3 chegar perto que voc\u00ea j\u00e1 sente o mau cheiro no ar\u201c, disse um dos moradores perto do local, que n\u00e3o quis se identificar.<\/span><\/p>\n<p><span style=\"font-family: Verdana; font-size: small;\">Yonara Torres<br \/>\nAluna Rep\u00f3rter<\/span><\/p>\n<p><span style=\"font-family: Verdana; font-size: small;\"> <\/span><\/p>\n<figure id=\"attachment_3513\" aria-describedby=\"caption-attachment-3513\" style=\"width: 149px\" class=\"wp-caption alignleft\"><a href=\"https:\/\/migracao.redenoticia.com.br\/noticia\/imagens\/\/FogoNoSucatao_b.jpg\"><\/a><a href=\"https:\/\/migracao.redenoticia.com.br\/noticia\/imagens\/\/fogo21.jpg\"><img loading=\"lazy\" decoding=\"async\" class=\"size-medium wp-image-3525\" title=\"fogo2\" src=\"https:\/\/migracao.redenoticia.com.br\/noticia\/imagens\/\/fogo21-249x187.jpg\" alt=\"fogo2\" width=\"149\" height=\"112\" \/><\/a><figcaption id=\"caption-attachment-3513\" class=\"wp-caption-text\">Incendio destroi deposito em Ji-Paran\u00e1<\/figcaption><\/figure>\n","protected":false},"excerpt":{"rendered":"<p>Nesta segunda-feira (22), um sucat\u00e3o localizado na rua T-5, pr\u00f3ximo \u00e1 K-5, pegou fogo por duas vezes. Na primeira vez, ao meio-dia, os bombeiros tiveram uma certa dificuldade para controlar o fogo, que se alastrava rapidamente devido ao forte calor no momento. Por volta das 17:00 h, o sucat\u00e3o novamente pegou fogo, sendo agora controlado [&hellip;]<\/p>\n","protected":false},"author":2,"featured_media":0,"comment_status":"open","ping_status":"open","sticky":false,"template":"","format":"standard","meta":{"tdm_status":"","tdm_grid_status":"","footnotes":""},"categories":[22],"tags":[],"class_list":{"0":"post-3510","1":"post","2":"type-post","3":"status-publish","4":"format-standard","6":"category-brasil"},"_links":{"self":[{"href":"https:\/\/migracao.redenoticia.com.br\/noticia\/wp-json\/wp\/v2\/posts\/3510","targetHints":{"allow":["GET"]}}],"collection":[{"href":"https:\/\/migracao.redenoticia.com.br\/noticia\/wp-json\/wp\/v2\/posts"}],"about":[{"href":"https:\/\/migracao.redenoticia.com.br\/noticia\/wp-json\/wp\/v2\/types\/post"}],"author":[{"embeddable":true,"href":"https:\/\/migracao.redenoticia.com.br\/noticia\/wp-json\/wp\/v2\/users\/2"}],"replies":[{"embeddable":true,"href":"https:\/\/migracao.redenoticia.com.br\/noticia\/wp-json\/wp\/v2\/comments?post=3510"}],"version-history":[{"count":0,"href":"https:\/\/migracao.redenoticia.com.br\/noticia\/wp-json\/wp\/v2\/posts\/3510\/revisions"}],"wp:attachment":[{"href":"https:\/\/migracao.redenoticia.com.br\/noticia\/wp-json\/wp\/v2\/media?parent=3510"}],"wp:term":[{"taxonomy":"category","embeddable":true,"href":"https:\/\/migracao.redenoticia.com.br\/noticia\/wp-json\/wp\/v2\/categories?post=3510"},{"taxonomy":"post_tag","embeddable":true,"href":"https:\/\/migracao.redenoticia.com.br\/noticia\/wp-json\/wp\/v2\/tags?post=3510"}],"curies":[{"name":"wp","href":"https:\/\/api.w.org\/{rel}","templated":true}]}}