{"id":3538,"date":"2009-06-23T13:31:44","date_gmt":"2009-06-23T17:31:44","guid":{"rendered":"http:\/\/www.redenoticia.com.br\/noticia\/?p=3538"},"modified":"2009-06-23T23:31:46","modified_gmt":"2009-06-24T03:31:46","slug":"cbf-seleciona-jovens-pela-internet","status":"publish","type":"post","link":"https:\/\/migracao.redenoticia.com.br\/noticia\/2009\/cbf-seleciona-jovens-pela-internet\/3538","title":{"rendered":"CBF seleciona jovens pela internet"},"content":{"rendered":"<p>Crian\u00e7as e jovens, entre 9 e 15 anos, que sejam bons de bola podem concorrer a uma vaga no CBF Camp, clinica de futebol oficial da CBF que acontece em Belo Horizonte, Bras\u00edlia, Rio de Janeiro e S\u00e3o Paulo. Os interessados devem enviar um v\u00eddeo de um minuto para o site\u00a0<a href=\"http:\/\/www.cbfcamp.com.br\/\" target=\"_blank\">www.cbfcamp.com.br<\/a> e se inscrever em uma das quatro cidades participantes. Ser\u00e3o escolhidos 66 jovens por regi\u00e3o, divididos nas categorias sub11, sub13 e sub15. A avalia\u00e7\u00e3o \u00e9 simples: os candidatos que conquistarem o maior n\u00famero de votos dos internautas ser\u00e3o convocados.<\/p>\n<p>O CBF Camp \u00e9 realizado em Centros de Treinamentos usados por atletas profissionais. Os jovens selecionados ter\u00e3o a oportunidade de passar um fim de semana aprimorando seus fundamentos t\u00e1ticos e t\u00e9cnicos. Eles v\u00e3o conhecer o trabalho feito com jogadores da Sele\u00e7\u00e3o Brasileira, com treinos, alimenta\u00e7\u00e3o, palestras e jogos, supervisionados por profissionais da CBF.<\/p>\n<p>Nos dias 11 e 12 de julho, ser\u00e3o realizadas as etapas de Bras\u00edlia e do Rio de janeiro. Na Capital Federal, os treinamentos v\u00e3o acontecer na ASCADE (Associa\u00e7\u00e3o dos Servidores da C\u00e2mara dos Deputados). J\u00e1 no Rio, o Ninho do Urubu, centro de treinamento do C.R. Flamengo, vai sediar o CBF Camp.<\/p>\n<p>Na semana seguinte, \u00e9 a vez das etapas de Belo Horizonte e S\u00e3o Paulo. O CBF Camp mineiro ter\u00e1 como sede o Toca da Raposa I, CT do Cruzeiro Esporte Clube e acontece nos dias 18 e 19 de julho. Em S\u00e3o Paulo o evento ser\u00e1 no CT da Associa\u00e7\u00e3o Portuguesa de Desportos.<\/p>\n<p>Todos os convocados devem comparecer aos locais dos eventos levando apenas chuteira e caneleira (no caso de goleiros, luvas). Os uniformes e demais materiais ser\u00e3o fornecidos pela organiza\u00e7\u00e3o do CBF Camp.<\/p>\n<p>Em cada uma das quatro etapas, ser\u00e3o selecionados seis destaques, dois de cada categoria (Sub11, Sub13 e Sub15). Estes jovens ser\u00e3o convidados a participar gratuitamente do Super Camp Brasil, col\u00f4nia de f\u00e9rias oficial da CBF que acontece de 26 de julho at\u00e9 1\u00ba de agosto, na Granja Comary, em Teres\u00f3polis. Por uma semana, os participantes do Super Camp Brasil viver\u00e3o o dia-a-dia de uma concentra\u00e7\u00e3o da Sele\u00e7\u00e3o Brasileira, em seu centro de treinamento oficial.<\/p>\n<p><strong> <\/strong><\/p>\n<p><strong>SERVI\u00c7O<\/strong><\/p>\n<p><strong> <\/strong><\/p>\n<p><strong>CBF CAMP \u2013 BELO HORIZONTE<\/strong><\/p>\n<p>DATA: 18 e 19\/07\/2009<\/p>\n<p>HORA: 09:00<\/p>\n<p>LOCAL:\u00a0Toca da Raposa I &#8211; Avenida Octac\u00edlio Neg\u00e3o de Lima n\u00ba:7.100 &#8211; Bairro Bandeirantes \u2013 Pampulha \u2013 Belo Horizonte \u00a0&#8211; MG<\/p>\n<p>Inscri\u00e7\u00f5es e mais informa\u00e7\u00f5es:\u00a0<a href=\"http:\/\/www.cbfcamp.com.br\/\" target=\"_blank\">www.cbfcamp.com.br<\/a><\/p>\n","protected":false},"excerpt":{"rendered":"<p>Crian\u00e7as e jovens, entre 9 e 15 anos, que sejam bons de bola podem concorrer a uma vaga no CBF Camp, clinica de futebol oficial da CBF que acontece em Belo Horizonte, Bras\u00edlia, Rio de Janeiro e S\u00e3o Paulo. Os interessados devem enviar um v\u00eddeo de um minuto para o site\u00a0www.cbfcamp.com.br e se inscrever em [&hellip;]<\/p>\n","protected":false},"author":2,"featured_media":0,"comment_status":"open","ping_status":"open","sticky":false,"template":"","format":"standard","meta":{"tdm_status":"","tdm_grid_status":"","footnotes":""},"categories":[22],"tags":[],"class_list":{"0":"post-3538","1":"post","2":"type-post","3":"status-publish","4":"format-standard","6":"category-brasil"},"_links":{"self":[{"href":"https:\/\/migracao.redenoticia.com.br\/noticia\/wp-json\/wp\/v2\/posts\/3538","targetHints":{"allow":["GET"]}}],"collection":[{"href":"https:\/\/migracao.redenoticia.com.br\/noticia\/wp-json\/wp\/v2\/posts"}],"about":[{"href":"https:\/\/migracao.redenoticia.com.br\/noticia\/wp-json\/wp\/v2\/types\/post"}],"author":[{"embeddable":true,"href":"https:\/\/migracao.redenoticia.com.br\/noticia\/wp-json\/wp\/v2\/users\/2"}],"replies":[{"embeddable":true,"href":"https:\/\/migracao.redenoticia.com.br\/noticia\/wp-json\/wp\/v2\/comments?post=3538"}],"version-history":[{"count":0,"href":"https:\/\/migracao.redenoticia.com.br\/noticia\/wp-json\/wp\/v2\/posts\/3538\/revisions"}],"wp:attachment":[{"href":"https:\/\/migracao.redenoticia.com.br\/noticia\/wp-json\/wp\/v2\/media?parent=3538"}],"wp:term":[{"taxonomy":"category","embeddable":true,"href":"https:\/\/migracao.redenoticia.com.br\/noticia\/wp-json\/wp\/v2\/categories?post=3538"},{"taxonomy":"post_tag","embeddable":true,"href":"https:\/\/migracao.redenoticia.com.br\/noticia\/wp-json\/wp\/v2\/tags?post=3538"}],"curies":[{"name":"wp","href":"https:\/\/api.w.org\/{rel}","templated":true}]}}