{"id":3540,"date":"2009-06-23T13:33:51","date_gmt":"2009-06-23T17:33:51","guid":{"rendered":"http:\/\/www.redenoticia.com.br\/noticia\/?p=3540"},"modified":"2009-06-23T13:33:51","modified_gmt":"2009-06-23T17:33:51","slug":"futebol-de-robo-da-fei-estreia-em-competicao-mundial-na-austria","status":"publish","type":"post","link":"https:\/\/migracao.redenoticia.com.br\/noticia\/2009\/futebol-de-robo-da-fei-estreia-em-competicao-mundial-na-austria\/3540","title":{"rendered":"Futebol de rob\u00f4 da FEI estreia em competi\u00e7\u00e3o mundial, na \u00c1ustria"},"content":{"rendered":"<p>O time de futebol de rob\u00f4s do Centro Universit\u00e1rio da FEI (Funda\u00e7\u00e3o Educacional Inaciana) vai \u00e0 \u00c1ustria para encarar o primeiro desafio internacional: a\u00a0<strong>RoboCup 2009<\/strong><strong> <\/strong>, que acontecer\u00e1 de 29 de junho a 5 de julho, na cidade de Graz. Maior e mais importante plataforma de pesquisa em rob\u00f3tica do mundo, a competi\u00e7\u00e3o reunir\u00e1 mais de 400 equipes de 40 pa\u00edses, como Jap\u00e3o, Estados Unidos, Tail\u00e2ndia, M\u00e9xico e Turquia.<\/p>\n<p>\u201cVamos mostrar que o Brasil est\u00e1 se inserindo neste mundo de inova\u00e7\u00e3o tecnol\u00f3gica que \u00e9 a rob\u00f3tica m\u00f3vel inteligente, e que conseguimos produzir tecnologia nesta \u00e1rea\u201d, destaca o professor Flavio Tonidandel, coordenador do Projeto Futebol de Rob\u00f4s da FEI. Somente s\u00e3o qualificadas para o mundial as equipes que apresentam um n\u00edvel m\u00ednimo de desenvolvimento de rob\u00f4s, capazes de jogar uma boa partida de futebol.<\/p>\n<p>A equipe RoboFEI viaja dia 27 e leva seis rob\u00f4s na categoria Small Size (time completo e um reserva), que t\u00eam 15 cm de altura. Para garantir a vaga, a equipe desenvolveu dispositivos para dribles e chutes e acoplou sistema holon\u00f4mico, que permite o \u2018jogador\u2019 andar em todas as dire\u00e7\u00f5es sem precisar virar. Cada rob\u00f4 possui cinco motores e quatro rodas, que garantem estabilidade e acelera\u00e7\u00e3o mais uniformes em qualquer dire\u00e7\u00e3o, al\u00e9m quatro baterias, de 7,4 volts.<\/p>\n<p>O time \u00e9 formado por cinco jogadores, com goleiro, e as partidas acontecem num campo com 17,5 m\u00b2, onde os rob\u00f4s s\u00e3o comandados por um programa executado em tempo real no computador. Duas c\u00e2meras, instaladas a uma altura de tr\u00eas a quatro metros, captam as imagens da partida e enviam ao computador, que controla os rob\u00f4s via radiofreq\u00fc\u00eancia.<\/p>\n<p>Na FEI, participam do projeto 10 alunos dos cursos de Ci\u00eancia da Computa\u00e7\u00e3o, Engenharia El\u00e9trica e Engenharia Mec\u00e2nica. Al\u00e9m da FEI, o Brasil ser\u00e1 representado por equipe da Universidade Federal do Rio Grande do Sul.<\/p>\n<p>A categoria Small Size, tamb\u00e9m conhecida como F-180, \u00e9 bastante desenvolvida em todo o mundo por equipes norte-americanas, europ\u00e9ias e asi\u00e1ticas, e \u00e9 utilizada como plataforma de desenvolvimento e pesquisa em universidades. Realizada na Graz University of Technology, a RoboCup busca fomentar e promover a educa\u00e7\u00e3o, desenvolvimento e a pesquisa em rob\u00f3tica e intelig\u00eancia artificial. Al\u00e9m da Small Size, a competi\u00e7\u00e3o reunir\u00e1 rob\u00f4s em mais quatro categorias: Simulation, Middle Size, Standard Plattaform e Humanoid.<\/p>\n","protected":false},"excerpt":{"rendered":"<p>O time de futebol de rob\u00f4s do Centro Universit\u00e1rio da FEI (Funda\u00e7\u00e3o Educacional Inaciana) vai \u00e0 \u00c1ustria para encarar o primeiro desafio internacional: a\u00a0RoboCup 2009 , que acontecer\u00e1 de 29 de junho a 5 de julho, na cidade de Graz. Maior e mais importante plataforma de pesquisa em rob\u00f3tica do mundo, a competi\u00e7\u00e3o reunir\u00e1 mais [&hellip;]<\/p>\n","protected":false},"author":2,"featured_media":0,"comment_status":"open","ping_status":"open","sticky":false,"template":"","format":"standard","meta":{"tdm_status":"","tdm_grid_status":"","footnotes":""},"categories":[22],"tags":[],"class_list":{"0":"post-3540","1":"post","2":"type-post","3":"status-publish","4":"format-standard","6":"category-brasil"},"_links":{"self":[{"href":"https:\/\/migracao.redenoticia.com.br\/noticia\/wp-json\/wp\/v2\/posts\/3540","targetHints":{"allow":["GET"]}}],"collection":[{"href":"https:\/\/migracao.redenoticia.com.br\/noticia\/wp-json\/wp\/v2\/posts"}],"about":[{"href":"https:\/\/migracao.redenoticia.com.br\/noticia\/wp-json\/wp\/v2\/types\/post"}],"author":[{"embeddable":true,"href":"https:\/\/migracao.redenoticia.com.br\/noticia\/wp-json\/wp\/v2\/users\/2"}],"replies":[{"embeddable":true,"href":"https:\/\/migracao.redenoticia.com.br\/noticia\/wp-json\/wp\/v2\/comments?post=3540"}],"version-history":[{"count":0,"href":"https:\/\/migracao.redenoticia.com.br\/noticia\/wp-json\/wp\/v2\/posts\/3540\/revisions"}],"wp:attachment":[{"href":"https:\/\/migracao.redenoticia.com.br\/noticia\/wp-json\/wp\/v2\/media?parent=3540"}],"wp:term":[{"taxonomy":"category","embeddable":true,"href":"https:\/\/migracao.redenoticia.com.br\/noticia\/wp-json\/wp\/v2\/categories?post=3540"},{"taxonomy":"post_tag","embeddable":true,"href":"https:\/\/migracao.redenoticia.com.br\/noticia\/wp-json\/wp\/v2\/tags?post=3540"}],"curies":[{"name":"wp","href":"https:\/\/api.w.org\/{rel}","templated":true}]}}