{"id":3544,"date":"2009-06-23T13:42:14","date_gmt":"2009-06-23T17:42:14","guid":{"rendered":"http:\/\/www.redenoticia.com.br\/noticia\/?p=3544"},"modified":"2009-06-23T13:42:14","modified_gmt":"2009-06-23T17:42:14","slug":"pos-graduacao-em-ciencia-dos-materiais-da-universidade-de-sao-carlos-recebe-inscricoes-ate-1%c2%b0-de-julho","status":"publish","type":"post","link":"https:\/\/migracao.redenoticia.com.br\/noticia\/2009\/pos-graduacao-em-ciencia-dos-materiais-da-universidade-de-sao-carlos-recebe-inscricoes-ate-1%c2%b0-de-julho\/3544","title":{"rendered":"Pos-Graduacao em Ciencia dos Materiais da Universidade de S\u00e3o Carlos recebe inscricoes ate 1\u00b0 de julho"},"content":{"rendered":"<p>O campus Sorocaba da UFSCar recebe, at\u00e9 o dia 1\u00b0de julho, inscri\u00e7\u00f5es para o processo seletivo do curso de mestrado do Programa de P\u00f3s-Gradua\u00e7\u00e3o em Ci\u00eancia dos Materiais (PPGCM). Esta ser\u00e1 a segunda sele\u00e7\u00e3o do Programa, que iniciou suas atividades em 2009.<br \/>\nAs inscri\u00e7\u00f5es podem ser realizadas pessoalmente, de segunda a sexta-feira, entre 9h e 11 horas, na secretaria do Programa, localizada no Edif\u00edcio de Gest\u00e3o Administrativa do campus Sorocaba, instalado na Rodovia Jo\u00e3o Leme dos Santos, km 110, Bairro Itinga, ou via correio. Neste caso, ser\u00e3o consideradas apenas as cartas com data de postagem at\u00e9 o dia 29 de junho, atrav\u00e9s do mesmo endere\u00e7o, CEP 18052-780. A rela\u00e7\u00e3o dos documentos e outras instru\u00e7\u00f5es para inscri\u00e7\u00e3o est\u00e3o dispon\u00edveis em<a href=\"http:\/\/www.ppgcm.ufscar.br\" target=\"_blank\">www.ppgcm.ufscar.br<\/a>.<br \/>\nO processo seletivo ser\u00e1 composto por tr\u00eas etapas. Na primeira ocorre a an\u00e1lise dos documentos solicitados para a inscri\u00e7\u00e3o, na segunda ser\u00e1 realizada uma prova sobre conte\u00fados espec\u00edficos da \u00e1rea de Ci\u00eancia dos Materiais, que acontece no dia 7 de julho, das 8h30 \u00e0s 11h30. A terceira fase, composta pela avalia\u00e7\u00e3o dos curr\u00edculos dos candidatos, acontece no dia 8, \u00e0s 10 horas.<br \/>\nMais informa\u00e7\u00f5es sobre a prova e o processo de sele\u00e7\u00e3o podem ser obtidas no site do Programa, em<a href=\"http:\/\/www.ppgm.ufscar.br\" target=\"_blank\">www.ppgm.ufscar.br<\/a>, ou pelo telefone (15) 3229-5941.<\/p>\n","protected":false},"excerpt":{"rendered":"<p>O campus Sorocaba da UFSCar recebe, at\u00e9 o dia 1\u00b0de julho, inscri\u00e7\u00f5es para o processo seletivo do curso de mestrado do Programa de P\u00f3s-Gradua\u00e7\u00e3o em Ci\u00eancia dos Materiais (PPGCM). Esta ser\u00e1 a segunda sele\u00e7\u00e3o do Programa, que iniciou suas atividades em 2009. As inscri\u00e7\u00f5es podem ser realizadas pessoalmente, de segunda a sexta-feira, entre 9h e [&hellip;]<\/p>\n","protected":false},"author":2,"featured_media":0,"comment_status":"open","ping_status":"open","sticky":false,"template":"","format":"standard","meta":{"tdm_status":"","tdm_grid_status":"","footnotes":""},"categories":[22],"tags":[],"class_list":{"0":"post-3544","1":"post","2":"type-post","3":"status-publish","4":"format-standard","6":"category-brasil"},"_links":{"self":[{"href":"https:\/\/migracao.redenoticia.com.br\/noticia\/wp-json\/wp\/v2\/posts\/3544","targetHints":{"allow":["GET"]}}],"collection":[{"href":"https:\/\/migracao.redenoticia.com.br\/noticia\/wp-json\/wp\/v2\/posts"}],"about":[{"href":"https:\/\/migracao.redenoticia.com.br\/noticia\/wp-json\/wp\/v2\/types\/post"}],"author":[{"embeddable":true,"href":"https:\/\/migracao.redenoticia.com.br\/noticia\/wp-json\/wp\/v2\/users\/2"}],"replies":[{"embeddable":true,"href":"https:\/\/migracao.redenoticia.com.br\/noticia\/wp-json\/wp\/v2\/comments?post=3544"}],"version-history":[{"count":0,"href":"https:\/\/migracao.redenoticia.com.br\/noticia\/wp-json\/wp\/v2\/posts\/3544\/revisions"}],"wp:attachment":[{"href":"https:\/\/migracao.redenoticia.com.br\/noticia\/wp-json\/wp\/v2\/media?parent=3544"}],"wp:term":[{"taxonomy":"category","embeddable":true,"href":"https:\/\/migracao.redenoticia.com.br\/noticia\/wp-json\/wp\/v2\/categories?post=3544"},{"taxonomy":"post_tag","embeddable":true,"href":"https:\/\/migracao.redenoticia.com.br\/noticia\/wp-json\/wp\/v2\/tags?post=3544"}],"curies":[{"name":"wp","href":"https:\/\/api.w.org\/{rel}","templated":true}]}}