{"id":3549,"date":"2009-06-23T14:09:40","date_gmt":"2009-06-23T18:09:40","guid":{"rendered":"http:\/\/www.redenoticia.com.br\/noticia\/?p=3549"},"modified":"2009-06-23T14:09:40","modified_gmt":"2009-06-23T18:09:40","slug":"ministerio-da-saude-recomenda-adiar-viagens-para-o-chile-e-argentina","status":"publish","type":"post","link":"https:\/\/migracao.redenoticia.com.br\/noticia\/2009\/ministerio-da-saude-recomenda-adiar-viagens-para-o-chile-e-argentina\/3549","title":{"rendered":"Minist\u00e9rio da Saude recomenda adiar viagens para o Chile e Argentina"},"content":{"rendered":"<p style=\"line-height: 19px; text-align: center; margin: 0px;\" align=\"center\"><em><span style=\"font-family: Arial; font-size: x-small;\"><span style=\"font-size: 11pt; color: black; line-height: 22px; font-style: italic; font-family: Arial;\">A recomenda\u00e7\u00e3o \u00e9 especialmente direcionada para <\/span><\/span><\/em><em><span style=\"font-family: Arial; font-size: x-small;\"><span style=\"font-size: 11pt; line-height: 22px; font-style: italic; font-family: Arial;\">idosos com 60 anos ou mais, crian\u00e7as com at\u00e9 dois anos de idade e pessoas com baixa imunidade<\/span><\/span><\/em><\/p>\n<p style=\"line-height: 19px; text-align: justify; margin: 0px;\"><span style=\"font-family: Arial; font-size: x-small;\"><span style=\"font-size: 11pt; line-height: 22px; font-family: Arial;\">O Ministro da Sa\u00fade, Jos\u00e9 Gomes Tempor\u00e3o, recomendou hoje (23), em S\u00e3o Paulo, que idosos com 60 anos ou mais, crian\u00e7as com at\u00e9 dois anos de idade e pessoas com baixa imunidade adiem viagens ao Chile e \u00e0 Argentina para prevenir infec\u00e7\u00f5es pelo v\u00edrus Influenza A (H1N1). De acordo com o Ministro, a recomenda\u00e7\u00e3o foi definida com base em crit\u00e9rios epidemiol\u00f3gicos, uma vez que h\u00e1 grande n\u00famero de casos da nova gripe no Brasil de pessoas que voltaram de viagem a esses dois pa\u00edses. \u00a0Como se trata de uma recomenda\u00e7\u00e3o, ela pode vir a ser estendida a outros pa\u00edses com quadros semelhantes aos do Chile e da Argentina.<\/span><\/span><\/p>\n<p style=\"line-height: 19px; text-align: justify; margin: 0px;\"><span style=\"font-family: Arial; font-size: x-small;\"><span style=\"font-size: 11pt; line-height: 22px; font-family: Arial;\"> <\/span><\/span><\/p>\n<p style=\"line-height: 19px; text-align: justify; margin: 0px;\"><span style=\"font-family: Arial; font-size: x-small;\"><span style=\"font-size: 11pt; line-height: 22px; font-family: Arial;\">Tempor\u00e3o ressaltou que n\u00e3o o Minist\u00e9rio da Sa\u00fade n\u00e3o determinou a proibi\u00e7\u00e3o de viagens para pa\u00edses afetados pela influenza A (H1N1). Segundo ele, deve haver \u201cprud\u00eancia e bom senso nesse momento\u201d, uma vez que as f\u00e9rias est\u00e3o chegando, o que aumenta a circula\u00e7\u00e3o de turistas brasileiros em pa\u00edses com casos confirmados da doen\u00e7a. \u201cEssa \u00e9 uma medida adicional e de preven\u00e7\u00e3o\u201d, afirmou o Ministro. \u201cNo Brasil, n\u00e3o h\u00e1 transmiss\u00e3o sustentada, mas todos os casos aut\u00f3ctones t\u00eam vinculo com infec\u00e7\u00e3o contra\u00edda fora do pa\u00eds\u201d.<\/span><\/span><\/p>\n<p style=\"line-height: 19px; text-align: justify; margin: 0px;\"><span style=\"font-family: Arial; font-size: x-small;\"><span style=\"font-size: 11pt; line-height: 22px; font-family: Arial;\"> <\/span><\/span><\/p>\n<p style=\"line-height: 19px; text-align: justify; margin: 0px;\"><strong><span style=\"font-family: Arial; font-size: xx-small;\"><span style=\"font-weight: bold; font-size: 9pt; line-height: 18px; font-family: Arial;\">REFOR\u00c7O \u2013 <\/span><\/span><\/strong><span style=\"font-family: Arial; font-size: x-small;\"><span style=\"font-size: 11pt; line-height: 22px; font-family: Arial;\">A Ag\u00eancia Nacional de Vigil\u00e2ncia Sanit\u00e1ria (ANVISA) anunciou ontem (22), novas medidas para refor\u00e7ar a vigil\u00e2ncia em portos e aeroportos de todo o pa\u00eds, devido ao aumento do n\u00famero de casos de Influenza A (H1N1) em pa\u00edses vizinhos do Brasil. Para isso, o pa\u00eds vai aumentar o alerta em todas as entradas do pa\u00eds para detectar, diagnosticar e encaminhar para tratamento casos de pessoas suspeitas de estarem infectadas pelo v\u00edrus. O an\u00fancio foi feito pelo diretor de Portos, Aeroportos e Fronteiras da ANVISA, Jos\u00e9 Agenor \u00c1lvares da Silva, durante a reuni\u00e3o di\u00e1ria do Gabinete Permanente de Emerg\u00eancias de Sa\u00fade P\u00fablica (GEI), ocorrida na sede do Minist\u00e9rio da Sa\u00fade. A seguir, as principais medidas anunciadas pela ANVISA:<\/span><\/span><\/p>\n<p style=\"line-height: 19px; text-align: justify; margin: 0px;\"><span style=\"font-family: Arial; font-size: x-small;\"><span style=\"font-size: 11pt; line-height: 22px; font-family: Arial;\"> <\/span><\/span><\/p>\n<p style=\"line-height: 19px; text-align: justify; margin: 0px;\"><span style=\"font-family: Arial; font-size: x-small;\"><span style=\"font-size: 11pt; line-height: 22px; font-family: Arial;\">1 \u2013 A ado\u00e7\u00e3o da Declara\u00e7\u00e3o de Sa\u00fade do Viajante (DSV), harmonizada entre os Estados Partes do Mercosul, para monitoramento de todos passageiros que chegam ao pa\u00eds. A declara\u00e7\u00e3o vai permitir um acompanhamento mais r\u00e1pido dos passageiros.<\/span><\/span><\/p>\n<p style=\"line-height: 19px; text-align: justify; margin: 0px;\"><span style=\"font-family: Arial; font-size: x-small;\"><span style=\"font-size: 11pt; line-height: 22px; font-family: Arial;\"> <\/span><\/span><\/p>\n<p style=\"line-height: 19px; text-align: justify; margin: 0px;\"><span style=\"font-family: Arial; font-size: x-small;\"><span style=\"font-size: 11pt; line-height: 22px; font-family: Arial;\">2 \u2013 A apresenta\u00e7\u00e3o do documento ser\u00e1 obrigat\u00f3ria para a entrada no pa\u00eds. O formul\u00e1rio ser\u00e1 distribu\u00eddo dentro do meio de transporte e dever\u00e1 ser apresentado por cada passageiro, inclusive as crian\u00e7as, cujos pais ser\u00e3o respons\u00e1veis pelos dados.<\/span><\/span><\/p>\n<p style=\"line-height: 19px; text-align: justify; margin: 0px;\"><span style=\"font-family: Arial; font-size: x-small;\"><span style=\"font-size: 11pt; line-height: 22px; font-family: Arial;\"> <\/span><\/span><\/p>\n<p style=\"line-height: 19px; text-align: justify; margin: 0px;\"><span style=\"font-family: Arial; font-size: x-small;\"><span style=\"font-size: 11pt; line-height: 22px; font-family: Arial;\">3 \u2013 Foram impressos 500 mil formul\u00e1rios que est\u00e3o sendo distribu\u00eddos nos portos, aeroportos e \u00e1reas de fronteiras. O tempo m\u00e9dio de preenchimento do documento \u00e9 de cinco minutos.<\/span><\/span><\/p>\n<p style=\"line-height: 19px; text-align: justify; margin: 0px;\"><span style=\"font-family: Arial; font-size: x-small;\"><span style=\"font-size: 11pt; line-height: 22px; font-family: Arial;\"> <\/span><\/span><\/p>\n<p style=\"line-height: 19px; text-align: justify; margin: 0px;\"><span style=\"font-family: Arial; font-size: x-small;\"><span style=\"font-size: 11pt; line-height: 22px; font-family: Arial;\">4 \u2013 As companhias a\u00e9reas ser\u00e3o obrigadas a fornecer a lista de passageiros junto com a Declara\u00e7\u00e3o Geral da Aeronave no momento da chegada do avi\u00e3o.<\/span><\/span><\/p>\n<p style=\"line-height: 19px; text-align: justify; margin: 0px;\"><span style=\"font-family: Arial; font-size: x-small;\"><span style=\"font-size: 11pt; line-height: 22px; font-family: Arial;\"> <\/span><\/span><\/p>\n<p style=\"line-height: 19px; text-align: justify; margin: 0px;\"><span style=\"font-family: Arial; font-size: x-small;\"><span style=\"font-size: 11pt; line-height: 22px; font-family: Arial;\">5 \u2013 Remanejamento de funcion\u00e1rios para fortalecer o controle nos postos de fronteiras com pa\u00edses da Am\u00e9rica do Sul e no aeroporto Internacional de Guarulhos.<\/span><\/span><\/p>\n<p style=\"line-height: 19px; text-align: justify; margin: 0px;\"><span style=\"font-family: Arial; font-size: x-small;\"><span style=\"font-size: 11pt; line-height: 22px; font-family: Arial;\"> <\/span><\/span><\/p>\n<p style=\"line-height: 19px; text-align: justify; margin: 0px;\"><span style=\"font-size: x-small;\"><span style=\"font-size: 11pt; line-height: 22px; font-family: Arial;\">6 \u2013 Todas as medidas adotadas anteriormente continuam em vigor.<\/span><\/span><\/p>\n","protected":false},"excerpt":{"rendered":"<p>A recomenda\u00e7\u00e3o \u00e9 especialmente direcionada para idosos com 60 anos ou mais, crian\u00e7as com at\u00e9 dois anos de idade e pessoas com baixa imunidade O Ministro da Sa\u00fade, Jos\u00e9 Gomes Tempor\u00e3o, recomendou hoje (23), em S\u00e3o Paulo, que idosos com 60 anos ou mais, crian\u00e7as com at\u00e9 dois anos de idade e pessoas com baixa [&hellip;]<\/p>\n","protected":false},"author":2,"featured_media":0,"comment_status":"open","ping_status":"open","sticky":false,"template":"","format":"standard","meta":{"tdm_status":"","tdm_grid_status":"","footnotes":""},"categories":[22,5],"tags":[],"class_list":{"0":"post-3549","1":"post","2":"type-post","3":"status-publish","4":"format-standard","6":"category-brasil","7":"category-saude-e-vida"},"_links":{"self":[{"href":"https:\/\/migracao.redenoticia.com.br\/noticia\/wp-json\/wp\/v2\/posts\/3549","targetHints":{"allow":["GET"]}}],"collection":[{"href":"https:\/\/migracao.redenoticia.com.br\/noticia\/wp-json\/wp\/v2\/posts"}],"about":[{"href":"https:\/\/migracao.redenoticia.com.br\/noticia\/wp-json\/wp\/v2\/types\/post"}],"author":[{"embeddable":true,"href":"https:\/\/migracao.redenoticia.com.br\/noticia\/wp-json\/wp\/v2\/users\/2"}],"replies":[{"embeddable":true,"href":"https:\/\/migracao.redenoticia.com.br\/noticia\/wp-json\/wp\/v2\/comments?post=3549"}],"version-history":[{"count":0,"href":"https:\/\/migracao.redenoticia.com.br\/noticia\/wp-json\/wp\/v2\/posts\/3549\/revisions"}],"wp:attachment":[{"href":"https:\/\/migracao.redenoticia.com.br\/noticia\/wp-json\/wp\/v2\/media?parent=3549"}],"wp:term":[{"taxonomy":"category","embeddable":true,"href":"https:\/\/migracao.redenoticia.com.br\/noticia\/wp-json\/wp\/v2\/categories?post=3549"},{"taxonomy":"post_tag","embeddable":true,"href":"https:\/\/migracao.redenoticia.com.br\/noticia\/wp-json\/wp\/v2\/tags?post=3549"}],"curies":[{"name":"wp","href":"https:\/\/api.w.org\/{rel}","templated":true}]}}