{"id":35494,"date":"2011-06-17T16:37:50","date_gmt":"2011-06-17T20:37:50","guid":{"rendered":"http:\/\/www.redenoticia.com.br\/noticia\/?p=35494"},"modified":"2011-06-17T16:37:50","modified_gmt":"2011-06-17T20:37:50","slug":"prouni-inscricoes-do-segundo-semestre-de-2011","status":"publish","type":"post","link":"https:\/\/migracao.redenoticia.com.br\/noticia\/2011\/prouni-inscricoes-do-segundo-semestre-de-2011\/35494","title":{"rendered":"ProUni: inscri\u00e7\u00f5es do segundo semestre de 2011"},"content":{"rendered":"<p><em><strong><img loading=\"lazy\" decoding=\"async\" class=\"alignleft size-full wp-image-23011\" title=\"prouni resultado inscricao\" src=\"https:\/\/migracao.redenoticia.com.br\/noticia\/imagens\/prouni-inscricao.jpg\" alt=\"\" width=\"300\" height=\"193\" srcset=\"https:\/\/migracao.redenoticia.com.br\/noticia\/imagens\/prouni-inscricao.jpg 300w, https:\/\/migracao.redenoticia.com.br\/noticia\/imagens\/prouni-inscricao-250x160.jpg 250w, https:\/\/migracao.redenoticia.com.br\/noticia\/imagens\/prouni-inscricao-150x96.jpg 150w\" sizes=\"auto, (max-width: 300px) 100vw, 300px\" \/>ProUni<\/strong><\/em>: estar\u00e3o abertas na segunda-feira, 20, as inscri\u00e7\u00f5es de candidatos a bolsas de estudos do segundo semestre de 2011 do Programa Universidade para Todos (ProUni). O prazo vai at\u00e9 sexta-feira, 24. Os candidatos devem fazer a inscri\u00e7\u00e3o na p\u00e1gina eletr\u00f4nica do\u00a0<a href=\"http:\/\/prouniportal.mec.gov.br\/\" target=\"_blank\">ProUni<\/a>. \u00c9 necess\u00e1rio informar o n\u00famero de inscri\u00e7\u00e3o e a senha usados no Enem de 2010, al\u00e9m do CPF. Caso seja necess\u00e1rio recuperar esses dados, o estudante deve busc\u00e1-los na p\u00e1gina eletr\u00f4nica do\u00a0<a href=\"http:\/\/sistemasenem2.inep.gov.br\/resultadosenem\/\">Enem<\/a>.<\/p>\n<p>Criado em 2004, o ProUni, programa do Minist\u00e9rio da Educa\u00e7\u00e3o, oferece bolsas de estudos em institui\u00e7\u00f5es de educa\u00e7\u00e3o superior particulares em cursos de gradua\u00e7\u00e3o e sequenciais de forma\u00e7\u00e3o espec\u00edfica.<\/p>\n<p>Podem concorrer \u00e0s bolsas os estudantes que fizeram o Exame Nacional do Ensino M\u00e9dio (Enem) em 2010 e atingido no m\u00ednimo 400 pontos na m\u00e9dia das notas em ci\u00eancias da natureza e suas tecnologias; ci\u00eancias humanas e suas tecnologias; linguagens, c\u00f3digos e suas tecnologias; matem\u00e1tica e suas tecnologias e que tenham obtido nota na reda\u00e7\u00e3o, mesmo que m\u00ednima.<\/p>\n<p>As inscri\u00e7\u00f5es ser\u00e3o feitas em uma \u00fanica etapa, com tr\u00eas chamadas sucessivas. Ao inscrever-se, o candidato pode escolher at\u00e9 tr\u00eas op\u00e7\u00f5es de curso e institui\u00e7\u00e3o.<\/p>\n<p>O resultado da primeira chamada ser\u00e1 divulgado no dia 27 pr\u00f3ximo. Os candidatos pr\u00e9-selecionados ter\u00e3o prazo at\u00e9 6 de julho para comprovar a documenta\u00e7\u00e3o e fazer a matr\u00edcula na institui\u00e7\u00e3o de ensino indicada. A segunda chamada est\u00e1 prevista para 12 de julho, com prazo para confirma\u00e7\u00e3o de documenta\u00e7\u00e3o at\u00e9 o dia 19. A terceira e \u00faltima chamada ser\u00e1 feita em 25 de julho, com prazo at\u00e9 o dia 29 para a matr\u00edcula.<\/p>\n<p>Espera \u2014 Conforme o cronograma, ao fim das tr\u00eas chamadas, os candidatos exclu\u00eddos da pr\u00e9-sele\u00e7\u00e3o ou pr\u00e9-selecionados em cursos sem forma\u00e7\u00e3o de turma podem manifestar interesse em entrar na lista de espera. O prazo para manifesta\u00e7\u00e3o de interesse vai de 6 a 8 de agosto. A lista ser\u00e1 usada pelas institui\u00e7\u00f5es de educa\u00e7\u00e3o superior participantes do programa para a oferta das bolsas ainda existentes.<\/p>\n<p>Podem se candidatar \u00e0s bolsas integrais estudantes com renda familiar, por pessoa, de at\u00e9 um sal\u00e1rio m\u00ednimo e meio. As bolsas parciais s\u00e3o destinadas a candidatos com renda familiar de at\u00e9 tr\u00eas sal\u00e1rios m\u00ednimos por pessoa. Al\u00e9m de ter feito o Enem 2010 e alcan\u00e7ado a pontua\u00e7\u00e3o m\u00ednima, o candidato deve ter cursado todo o ensino m\u00e9dio em escola p\u00fablica ou, em caso de escola particular, na condi\u00e7\u00e3o de bolsista integral.<\/p>\n<p>Professores da rede p\u00fablica de ensino b\u00e1sico que concorrem a bolsas em curso de licenciatura, normal superior ou de pedagogia n\u00e3o precisam cumprir o crit\u00e9rio de renda, desde que estejam em efetivo exerc\u00edcio e integrem o quadro permanente da escola na qual atuam.<\/p>\n<p>O processo seletivo do ProUni referente ao segundo semestre deste ano foi regulamentado pela <a href=\"http:\/\/portal.mec.gov.br\/index.php?option=com_docman&amp;task=doc_download&amp;gid=8320&amp;Itemid=\">Portaria  Normativa n\u00ba 14<\/a>, do MEC, publicada no Di\u00e1rio Oficial da Uni\u00e3o desta sexta-feira, 17, se\u00e7\u00e3o 1, p\u00e1gina 21<\/p>\n<p>Assessoria de Imprensa da Sesu<\/p>\n","protected":false},"excerpt":{"rendered":"<p>ProUni: estar\u00e3o abertas na segunda-feira, 20, as inscri\u00e7\u00f5es de candidatos a bolsas de estudos do segundo semestre de 2011 do Programa Universidade para Todos (ProUni). O prazo vai at\u00e9 sexta-feira, 24. Os candidatos devem fazer a inscri\u00e7\u00e3o na p\u00e1gina eletr\u00f4nica do\u00a0ProUni. \u00c9 necess\u00e1rio informar o n\u00famero de inscri\u00e7\u00e3o e a senha usados no Enem de [&hellip;]<\/p>\n","protected":false},"author":3,"featured_media":23011,"comment_status":"open","ping_status":"closed","sticky":false,"template":"","format":"standard","meta":{"tdm_status":"","tdm_grid_status":"","footnotes":""},"categories":[22,370,295],"tags":[],"class_list":{"0":"post-35494","1":"post","2":"type-post","3":"status-publish","4":"format-standard","5":"has-post-thumbnail","7":"category-brasil","8":"category-inscricao","9":"category-vestibular"},"_links":{"self":[{"href":"https:\/\/migracao.redenoticia.com.br\/noticia\/wp-json\/wp\/v2\/posts\/35494","targetHints":{"allow":["GET"]}}],"collection":[{"href":"https:\/\/migracao.redenoticia.com.br\/noticia\/wp-json\/wp\/v2\/posts"}],"about":[{"href":"https:\/\/migracao.redenoticia.com.br\/noticia\/wp-json\/wp\/v2\/types\/post"}],"author":[{"embeddable":true,"href":"https:\/\/migracao.redenoticia.com.br\/noticia\/wp-json\/wp\/v2\/users\/3"}],"replies":[{"embeddable":true,"href":"https:\/\/migracao.redenoticia.com.br\/noticia\/wp-json\/wp\/v2\/comments?post=35494"}],"version-history":[{"count":0,"href":"https:\/\/migracao.redenoticia.com.br\/noticia\/wp-json\/wp\/v2\/posts\/35494\/revisions"}],"wp:featuredmedia":[{"embeddable":true,"href":"https:\/\/migracao.redenoticia.com.br\/noticia\/wp-json\/wp\/v2\/media\/23011"}],"wp:attachment":[{"href":"https:\/\/migracao.redenoticia.com.br\/noticia\/wp-json\/wp\/v2\/media?parent=35494"}],"wp:term":[{"taxonomy":"category","embeddable":true,"href":"https:\/\/migracao.redenoticia.com.br\/noticia\/wp-json\/wp\/v2\/categories?post=35494"},{"taxonomy":"post_tag","embeddable":true,"href":"https:\/\/migracao.redenoticia.com.br\/noticia\/wp-json\/wp\/v2\/tags?post=35494"}],"curies":[{"name":"wp","href":"https:\/\/api.w.org\/{rel}","templated":true}]}}