{"id":35568,"date":"2011-06-27T10:08:57","date_gmt":"2011-06-27T14:08:57","guid":{"rendered":"http:\/\/www.redenoticia.com.br\/noticia\/?p=35568"},"modified":"2011-06-27T10:08:57","modified_gmt":"2011-06-27T14:08:57","slug":"vestibular-fatecs-2011-2-local-da-prova-e-previsao-do-gabarito","status":"publish","type":"post","link":"https:\/\/migracao.redenoticia.com.br\/noticia\/2011\/vestibular-fatecs-2011-2-local-da-prova-e-previsao-do-gabarito\/35568","title":{"rendered":"Vestibular Fatecs 2011 2 &#8211; local da prova e previs\u00e3o do gabarito"},"content":{"rendered":"<p><img loading=\"lazy\" decoding=\"async\" class=\"alignleft size-full wp-image-34896\" title=\"vestibular\" src=\"https:\/\/migracao.redenoticia.com.br\/noticia\/imagens\/vestibular2.jpg\" alt=\"\" width=\"300\" height=\"193\" srcset=\"https:\/\/migracao.redenoticia.com.br\/noticia\/imagens\/vestibular2.jpg 300w, https:\/\/migracao.redenoticia.com.br\/noticia\/imagens\/vestibular2-250x160.jpg 250w, https:\/\/migracao.redenoticia.com.br\/noticia\/imagens\/vestibular2-150x96.jpg 150w\" sizes=\"auto, (max-width: 300px) 100vw, 300px\" \/>A lista que traz os <em><strong>locais de prova<\/strong><\/em> para os candidatos que se inscreveram no  <em><strong>Vestibular<\/strong><\/em> das Faculdades de Tecnologia (<em><strong>Fatecs<\/strong><\/em>) do Estado de S\u00e3o Paulo j\u00e1 est\u00e1  no site <a href=\"http:\/\/www.vestibularfatec.com.br\/\" target=\"_blank\">www.vestibularfatec.com.br<\/a> .\u00a0A prova, que acontece no pr\u00f3ximo domingo, dia 3 de julho, \u00e0s 13 horas, ter\u00e1  cinco horas de dura\u00e7\u00e3o. Os port\u00f5es das escolas ser\u00e3o abertos \u00e0s 12h15 e fechados  \u00e0s 13 horas. Ap\u00f3s esse hor\u00e1rio n\u00e3o ser\u00e1 permitida a entrada de nenhum  candidato.\u00a0O\u00a0<em><strong>gabarito<\/strong><\/em> oficial da prova ser\u00e1 divulgado no dia 3 de julho, a partir das 18 horas, nos sites<a href=\"http:\/\/www.centropaulasouza.sp.gov.br\" target=\"_blank\"> www.centropaulasouza.sp.gov.br<\/a> e www.vestibularfatec.com.br.<\/p>\n<p>Ao todo, 39.377 candidatos disputar\u00e3o as 10.860 vagas, no processo seletivo  para o 2\u00ba semestre de 2011, distribu\u00eddas entre as 51 Fatecs.<\/p>\n<p>Exame<\/p>\n<p>A prova ser\u00e1 constitu\u00edda por uma reda\u00e7\u00e3o e 54 quest\u00f5es de m\u00faltipla escolha.  Desse total, 40 quest\u00f5es abordam o n\u00facleo comum do Ensino M\u00e9dio &#8211; ser\u00e3o 5  perguntas de cada uma das 8 disciplinas: biologia, f\u00edsica, geografia, hist\u00f3ria,  ingl\u00eas, matem\u00e1tica, qu\u00edmica e portugu\u00eas. Outras 5 quest\u00f5es envolvem racioc\u00ednio  l\u00f3gico e as nove quest\u00f5es restantes abrangem conte\u00fado multidisciplinar. Quanto  ao peso da prova, oito conjuntos de quest\u00f5es ter\u00e3o peso 1 e dois conjuntos, peso  2, conforme o eixo tecnol\u00f3gico a que pertence o curso escolhido pelo  candidato.<\/p>\n<p>Para fazer a prova, \u00e9 preciso levar caneta esferogr\u00e1fica de tinta preta ou  azul, l\u00e1pis preto n\u00ba 2, borracha, e o original de um dos seguintes documentos:  c\u00e9dula de identidade (RG); c\u00e9dula de identidade de estrangeiros (RNE); carteira  nacional de habilita\u00e7\u00e3o com foto; documento expedido por Ordens ou Conselhos  Profissionais (exemplo: OAB, Coren e Crea, entre outros); carteira de trabalho e  previd\u00eancia social (CTPS) ou passaporte brasileiro.<\/p>\n<p>Outras informa\u00e7\u00f5es pelos telefones (11) 3471-4103 (Capital e Grande S\u00e3o  Paulo) e 0800-596 9696 (demais localidades) ou pelo site  www.vestibularfatec.com.br<\/p>\n<p>Sobre o Centro Paula Souza &#8211; Autarquia do Governo do Estado de S\u00e3o Paulo  vinculada \u00e0 Secretaria de Desenvolvimento Econ\u00f4mico, Ci\u00eancia e Tecnologia, o  Centro Paula Souza administra Faculdades de Tecnologia (Fatecs) e Escolas  T\u00e9cnicas (Etecs) estaduais, al\u00e9m das classes descentralizadas &#8211; unidades que  funcionam com um ou mais cursos t\u00e9cnicos em parceria com prefeituras ou  empresas, sob a supervis\u00e3o de uma Etec -, em mais de 270 cidades paulistas. As  Etecs atendem mais de 200 mil estudantes, no Ensino M\u00e9dio e no Ensino T\u00e9cnico,  para os setores Industrial, Agropecu\u00e1rio e de Servi\u00e7os. Nas Fatecs, cerca de 50  mil alunos est\u00e3o matriculados nos cursos de gradua\u00e7\u00e3o tecnol\u00f3gica.<\/p>\n<p>&nbsp;<\/p>\n","protected":false},"excerpt":{"rendered":"<p>A lista que traz os locais de prova para os candidatos que se inscreveram no Vestibular das Faculdades de Tecnologia (Fatecs) do Estado de S\u00e3o Paulo j\u00e1 est\u00e1 no site www.vestibularfatec.com.br .\u00a0A prova, que acontece no pr\u00f3ximo domingo, dia 3 de julho, \u00e0s 13 horas, ter\u00e1 cinco horas de dura\u00e7\u00e3o. Os port\u00f5es das escolas ser\u00e3o [&hellip;]<\/p>\n","protected":false},"author":3,"featured_media":34896,"comment_status":"open","ping_status":"closed","sticky":false,"template":"","format":"standard","meta":{"tdm_status":"","tdm_grid_status":"","footnotes":""},"categories":[22,370,295],"tags":[],"class_list":{"0":"post-35568","1":"post","2":"type-post","3":"status-publish","4":"format-standard","5":"has-post-thumbnail","7":"category-brasil","8":"category-inscricao","9":"category-vestibular"},"_links":{"self":[{"href":"https:\/\/migracao.redenoticia.com.br\/noticia\/wp-json\/wp\/v2\/posts\/35568","targetHints":{"allow":["GET"]}}],"collection":[{"href":"https:\/\/migracao.redenoticia.com.br\/noticia\/wp-json\/wp\/v2\/posts"}],"about":[{"href":"https:\/\/migracao.redenoticia.com.br\/noticia\/wp-json\/wp\/v2\/types\/post"}],"author":[{"embeddable":true,"href":"https:\/\/migracao.redenoticia.com.br\/noticia\/wp-json\/wp\/v2\/users\/3"}],"replies":[{"embeddable":true,"href":"https:\/\/migracao.redenoticia.com.br\/noticia\/wp-json\/wp\/v2\/comments?post=35568"}],"version-history":[{"count":0,"href":"https:\/\/migracao.redenoticia.com.br\/noticia\/wp-json\/wp\/v2\/posts\/35568\/revisions"}],"wp:featuredmedia":[{"embeddable":true,"href":"https:\/\/migracao.redenoticia.com.br\/noticia\/wp-json\/wp\/v2\/media\/34896"}],"wp:attachment":[{"href":"https:\/\/migracao.redenoticia.com.br\/noticia\/wp-json\/wp\/v2\/media?parent=35568"}],"wp:term":[{"taxonomy":"category","embeddable":true,"href":"https:\/\/migracao.redenoticia.com.br\/noticia\/wp-json\/wp\/v2\/categories?post=35568"},{"taxonomy":"post_tag","embeddable":true,"href":"https:\/\/migracao.redenoticia.com.br\/noticia\/wp-json\/wp\/v2\/tags?post=35568"}],"curies":[{"name":"wp","href":"https:\/\/api.w.org\/{rel}","templated":true}]}}