{"id":35583,"date":"2011-06-28T10:11:05","date_gmt":"2011-06-28T14:11:05","guid":{"rendered":"http:\/\/www.redenoticia.com.br\/noticia\/?p=35583"},"modified":"2011-06-28T10:11:05","modified_gmt":"2011-06-28T14:11:05","slug":"pais-tera-sistema-nacional-de-informacoes-de-seguranca-publica","status":"publish","type":"post","link":"https:\/\/migracao.redenoticia.com.br\/noticia\/2011\/pais-tera-sistema-nacional-de-informacoes-de-seguranca-publica\/35583","title":{"rendered":"Pa\u00eds ter\u00e1 Sistema Nacional de Informa\u00e7\u00f5es de Seguran\u00e7a P\u00fablica"},"content":{"rendered":"<p>Bras\u00edlia &#8211; O governo federal pretende lan\u00e7ar nos pr\u00f3ximos meses o <em><strong>Sistema Nacional de Informa\u00e7\u00f5es de Seguran\u00e7a P\u00fablica<\/strong><\/em>. A ferramenta, anunciada em fevereiro pelo ministro da Justi\u00e7a, Jos\u00e9 Eduardo Cardozo, prev\u00ea um sistema de informa\u00e7\u00e3o com dados atualizados de seguran\u00e7a p\u00fablica e padroniza\u00e7\u00e3o do registro de ocorr\u00eancias no pa\u00eds.<\/p>\n<p>De acordo com a secret\u00e1ria nacional de Seguran\u00e7a P\u00fablica, Regina Miki, o sistema j\u00e1 est\u00e1 pronto, por\u00e9m precisa ser aprovado pela presidenta Dilma Rousseff. \u201cTodas as medidas t\u00eam passado por ela [a presidenta]. Estamos com tudo pronto, devemos submeter \u00e0 presidenta e tendo o aval dela, faremos o lan\u00e7amento&#8221;, disse \u00e0 Ag\u00eancia Brasil.<\/p>\n<p>A secret\u00e1ria acredita que o sistema s\u00f3 ter\u00e1 \u00eaxito se houver a coopera\u00e7\u00e3o dos estados. \u201cPrecisamos de parcerias qualitativas. Uma parceria que mude a vida do cidad\u00e3o l\u00e1 na ponta&#8221;. Segundo ela, as estat\u00edsticas apresentadas internacionalmente apontam que o Brasil tem um \u00edndice de 50 mil homic\u00eddios por ano. \u201cIsso \u00e9 prejudicial para quem quer grandes eventos no pa\u00eds.\u201d<\/p>\n<p>Al\u00e9m do sistema de informa\u00e7\u00f5es, o Minist\u00e9rio da Justi\u00e7a est\u00e1 trabalhando na cria\u00e7\u00e3o de um plano de combate ao alto \u00edndice de homic\u00eddios. O objetivo, segundo Regina Miki, \u00e9 investir na capacita\u00e7\u00e3o da per\u00edcia, na investiga\u00e7\u00e3o aprimorada de crimes e no combate \u00e0  impunidade. \u201cSem d\u00favida, uma mola impulsora de crime \u00e9 a pessoa saber que n\u00e3o tem puni\u00e7\u00e3o\u201d.<\/p>\n<p>Entre as a\u00e7\u00f5es de seguran\u00e7a p\u00fablica no pa\u00eds, o monitoramento das fronteiras \u00e9 uma das prioridades da Secretaria Nacional de Seguran\u00e7a P\u00fablica (Senasp). De acordo com Regina Miki, um diagn\u00f3stico feito pelo Minist\u00e9rio da Justi\u00e7a estima que houve aumento de 25% dos crimes de homic\u00eddio nas \u00e1reas de fronteira. \u201cJ\u00e1 \u00e9 um ind\u00edcio de que os crimes transnacionais t\u00eam reflexo no dia a dia do cidad\u00e3o brasileiro. A taxa de homic\u00eddios em zonas que n\u00e3o fazem fronteira cresceu apenas 8%\u201d, disse.<\/p>\n<p>No \u00faltimo dia 8, o governo federal lan\u00e7ou um plano que pretende intensificar o patrulhamento nessas regi\u00f5es. O Plano Estrat\u00e9gico de Fronteiras ter\u00e1 opera\u00e7\u00f5es integradas e coordenadas pelos minist\u00e9rios da Justi\u00e7a e da Defesa.<\/p>\n<p>Segundo a secret\u00e1ria, alguns estados fronteiri\u00e7os n\u00e3o compreenderam a a\u00e7\u00e3o do governo federal e acharam que o plano foi lan\u00e7ado sem consulta pr\u00e9via aos governos dos estados. \u201cA realidade n\u00e3o foi essa. O que fizemos foram a\u00e7\u00f5es lan\u00e7adas para que pud\u00e9ssemos ter um diagn\u00f3stico mais preciso das fronteiras.\u201d<\/p>\n<p>A \u00e1rea de atua\u00e7\u00e3o do plano abranger\u00e1 mais de 2,3 milh\u00f5es de quil\u00f4metros quadrados, o que equivale a 27% do territ\u00f3rio nacional. As a\u00e7\u00f5es cobrir\u00e3o os principais pontos da linha de fronteira, cuja extens\u00e3o \u00e9 de 16.886 quil\u00f4metros. A faixa de fronteira brasileira se projeta por 150 quil\u00f4metros para dentro do territ\u00f3rio nacional, a partir da linha divis\u00f3ria com os dez pa\u00edses vizinhos, compreendendo 11 estados, 710 munic\u00edpios e abrangendo uma popula\u00e7\u00e3o de 10,9 milh\u00f5es de pessoas.<\/p>\n<p>Daniella Jinkings<br \/>\nRep\u00f3rter da Ag\u00eancia Brasil<\/p>\n<p>Edi\u00e7\u00e3o: Gra\u00e7a Adjuto<\/p>\n","protected":false},"excerpt":{"rendered":"<p>Bras\u00edlia &#8211; O governo federal pretende lan\u00e7ar nos pr\u00f3ximos meses o Sistema Nacional de Informa\u00e7\u00f5es de Seguran\u00e7a P\u00fablica. A ferramenta, anunciada em fevereiro pelo ministro da Justi\u00e7a, Jos\u00e9 Eduardo Cardozo, prev\u00ea um sistema de informa\u00e7\u00e3o com dados atualizados de seguran\u00e7a p\u00fablica e padroniza\u00e7\u00e3o do registro de ocorr\u00eancias no pa\u00eds. De acordo com a secret\u00e1ria nacional [&hellip;]<\/p>\n","protected":false},"author":3,"featured_media":0,"comment_status":"open","ping_status":"closed","sticky":false,"template":"","format":"standard","meta":{"tdm_status":"","tdm_grid_status":"","footnotes":""},"categories":[22],"tags":[],"class_list":{"0":"post-35583","1":"post","2":"type-post","3":"status-publish","4":"format-standard","6":"category-brasil"},"_links":{"self":[{"href":"https:\/\/migracao.redenoticia.com.br\/noticia\/wp-json\/wp\/v2\/posts\/35583","targetHints":{"allow":["GET"]}}],"collection":[{"href":"https:\/\/migracao.redenoticia.com.br\/noticia\/wp-json\/wp\/v2\/posts"}],"about":[{"href":"https:\/\/migracao.redenoticia.com.br\/noticia\/wp-json\/wp\/v2\/types\/post"}],"author":[{"embeddable":true,"href":"https:\/\/migracao.redenoticia.com.br\/noticia\/wp-json\/wp\/v2\/users\/3"}],"replies":[{"embeddable":true,"href":"https:\/\/migracao.redenoticia.com.br\/noticia\/wp-json\/wp\/v2\/comments?post=35583"}],"version-history":[{"count":0,"href":"https:\/\/migracao.redenoticia.com.br\/noticia\/wp-json\/wp\/v2\/posts\/35583\/revisions"}],"wp:attachment":[{"href":"https:\/\/migracao.redenoticia.com.br\/noticia\/wp-json\/wp\/v2\/media?parent=35583"}],"wp:term":[{"taxonomy":"category","embeddable":true,"href":"https:\/\/migracao.redenoticia.com.br\/noticia\/wp-json\/wp\/v2\/categories?post=35583"},{"taxonomy":"post_tag","embeddable":true,"href":"https:\/\/migracao.redenoticia.com.br\/noticia\/wp-json\/wp\/v2\/tags?post=35583"}],"curies":[{"name":"wp","href":"https:\/\/api.w.org\/{rel}","templated":true}]}}