{"id":35584,"date":"2011-06-28T10:14:42","date_gmt":"2011-06-28T14:14:42","guid":{"rendered":"http:\/\/www.redenoticia.com.br\/noticia\/?p=35584"},"modified":"2011-06-28T10:14:42","modified_gmt":"2011-06-28T14:14:42","slug":"prouni-matricula-ate-o-dia-6-de-julho","status":"publish","type":"post","link":"https:\/\/migracao.redenoticia.com.br\/noticia\/2011\/prouni-matricula-ate-o-dia-6-de-julho\/35584","title":{"rendered":"ProUni &#8211; matr\u00edcula at\u00e9 o dia 6 de julho"},"content":{"rendered":"<div><em><strong><img loading=\"lazy\" decoding=\"async\" class=\"alignleft size-full wp-image-23011\" title=\"prouni resultado inscricao\" src=\"https:\/\/migracao.redenoticia.com.br\/noticia\/imagens\/prouni-inscricao.jpg\" alt=\"\" width=\"300\" height=\"193\" srcset=\"https:\/\/migracao.redenoticia.com.br\/noticia\/imagens\/prouni-inscricao.jpg 300w, https:\/\/migracao.redenoticia.com.br\/noticia\/imagens\/prouni-inscricao-250x160.jpg 250w, https:\/\/migracao.redenoticia.com.br\/noticia\/imagens\/prouni-inscricao-150x96.jpg 150w\" sizes=\"auto, (max-width: 300px) 100vw, 300px\" \/>ProUni<\/strong><\/em> &#8211; est\u00e1 liberado para consulta, pela internet, o  resultado da primeira chamada do Programa Universidade para Todos (ProUni). Os  candidatos pr\u00e9-selecionados nesta fase t\u00eam prazo at\u00e9 6 de julho para apresentar  a documenta\u00e7\u00e3o e fazer a <em><strong>matr\u00edcula<\/strong><\/em> nas institui\u00e7\u00f5es particulares de educa\u00e7\u00e3o  superior indicadas na inscri\u00e7\u00e3o.<\/div>\n<div>\nA segunda chamada est\u00e1 prevista para 12  de julho, com prazo de apresenta\u00e7\u00e3o dos documentos e matr\u00edcula at\u00e9 19 de julho.  A terceira e \u00faltima chamada ser\u00e1 publicada em 25 de julho, com prazo at\u00e9 29 de  julho para a matr\u00edcula.<\/p>\n<p>Ao fim das tr\u00eas chamadas, os candidatos exclu\u00eddos  da pr\u00e9-sele\u00e7\u00e3o ou pr\u00e9-selecionados em cursos sem forma\u00e7\u00e3o de turma podem  manifestar interesse em entrar na lista de espera. O prazo para manifesta\u00e7\u00e3o de  interesse vai de 6 a 8 de agosto. A lista ser\u00e1 usada pelas institui\u00e7\u00f5es de  ensino participantes do programa para a oferta das bolsas ainda  existentes.<\/p>\n<p>Criado em 2004, o ProUni oferece a estudantes de baixa renda  bolsas de estudos em institui\u00e7\u00f5es de educa\u00e7\u00e3o superior particulares em cursos de  gradua\u00e7\u00e3o e sequenciais de forma\u00e7\u00e3o espec\u00edfica.<\/p>\n<p>Recorde \u2014 Em cinco dias, o ProUni registrou a inscri\u00e7\u00e3o de 460.745 candidatos a 92.107  bolsas de estudos para o segundo semestre deste ano. O total de inscritos superou a marca do processo do segundo  semestre de 2009, de 380.935 candidatos.<br \/>\nO maior n\u00famero de inscritos foi  registrado em Minas Gerais, com 68.346 candidatos. Em seguida, S\u00e3o Paulo  (67.534) e Bahia (32.166).<\/p>\n<p>Os candidatos devem consultar o <a href=\"http:\/\/prounialuno.mec.gov.br\/\" target=\"_blank\">resultado<\/a> e o <a href=\"http:\/\/siteprouni.mec.gov.br\/cronograma.html\" target=\"_blank\">cronograma<\/a> do ProUni na p\u00e1gina eletr\u00f4nica do programa.<\/p>\n<p>O processo seletivo do ProUni  referente ao segundo semestre deste ano foi regulamentado pela Portaria Normativa n\u00ba 14, do MEC, publicada no <em>Di\u00e1rio  Oficial<\/em> da Uni\u00e3o do dia 17 \u00faltimo, se\u00e7\u00e3o 1, p\u00e1gina  21.<\/p>\n<p>Assessoria de Imprensa da Sesu<a href=\"http:\/\/portal.mec.gov.br\/index.php?option=com_content&amp;view=article&amp;id=287&amp;Itemid=818\" target=\"_blank\"><\/a><\/p>\n<\/div>\n<p>&nbsp;<\/p>\n","protected":false},"excerpt":{"rendered":"<p>ProUni &#8211; est\u00e1 liberado para consulta, pela internet, o resultado da primeira chamada do Programa Universidade para Todos (ProUni). Os candidatos pr\u00e9-selecionados nesta fase t\u00eam prazo at\u00e9 6 de julho para apresentar a documenta\u00e7\u00e3o e fazer a matr\u00edcula nas institui\u00e7\u00f5es particulares de educa\u00e7\u00e3o superior indicadas na inscri\u00e7\u00e3o. A segunda chamada est\u00e1 prevista para 12 de [&hellip;]<\/p>\n","protected":false},"author":3,"featured_media":23011,"comment_status":"open","ping_status":"closed","sticky":false,"template":"","format":"standard","meta":{"tdm_status":"","tdm_grid_status":"","footnotes":""},"categories":[22,370,295],"tags":[],"class_list":{"0":"post-35584","1":"post","2":"type-post","3":"status-publish","4":"format-standard","5":"has-post-thumbnail","7":"category-brasil","8":"category-inscricao","9":"category-vestibular"},"_links":{"self":[{"href":"https:\/\/migracao.redenoticia.com.br\/noticia\/wp-json\/wp\/v2\/posts\/35584","targetHints":{"allow":["GET"]}}],"collection":[{"href":"https:\/\/migracao.redenoticia.com.br\/noticia\/wp-json\/wp\/v2\/posts"}],"about":[{"href":"https:\/\/migracao.redenoticia.com.br\/noticia\/wp-json\/wp\/v2\/types\/post"}],"author":[{"embeddable":true,"href":"https:\/\/migracao.redenoticia.com.br\/noticia\/wp-json\/wp\/v2\/users\/3"}],"replies":[{"embeddable":true,"href":"https:\/\/migracao.redenoticia.com.br\/noticia\/wp-json\/wp\/v2\/comments?post=35584"}],"version-history":[{"count":0,"href":"https:\/\/migracao.redenoticia.com.br\/noticia\/wp-json\/wp\/v2\/posts\/35584\/revisions"}],"wp:featuredmedia":[{"embeddable":true,"href":"https:\/\/migracao.redenoticia.com.br\/noticia\/wp-json\/wp\/v2\/media\/23011"}],"wp:attachment":[{"href":"https:\/\/migracao.redenoticia.com.br\/noticia\/wp-json\/wp\/v2\/media?parent=35584"}],"wp:term":[{"taxonomy":"category","embeddable":true,"href":"https:\/\/migracao.redenoticia.com.br\/noticia\/wp-json\/wp\/v2\/categories?post=35584"},{"taxonomy":"post_tag","embeddable":true,"href":"https:\/\/migracao.redenoticia.com.br\/noticia\/wp-json\/wp\/v2\/tags?post=35584"}],"curies":[{"name":"wp","href":"https:\/\/api.w.org\/{rel}","templated":true}]}}