{"id":35585,"date":"2011-06-28T10:19:01","date_gmt":"2011-06-28T14:19:01","guid":{"rendered":"http:\/\/www.redenoticia.com.br\/noticia\/?p=35585"},"modified":"2011-06-28T10:33:31","modified_gmt":"2011-06-28T14:33:31","slug":"ouro-preto-tera-moeda-comemorativa-com-tiragem-inicial-de-2-mil-pecas","status":"publish","type":"post","link":"https:\/\/migracao.redenoticia.com.br\/noticia\/2011\/ouro-preto-tera-moeda-comemorativa-com-tiragem-inicial-de-2-mil-pecas\/35585","title":{"rendered":"Ouro Preto &#8211; moeda comemorativa com tiragem inicial de 2 mil pe\u00e7as"},"content":{"rendered":"<p>Bras\u00edlia &#8211; O Banco Central do Brasil e a Casa da Moeda do Brasil lan\u00e7am na pr\u00f3xima sexta-feira (1\u00ba) a <em><strong>Moeda Comemorativa de Ouro Preto<\/strong><\/em> &#8211; Patrim\u00f4nio Hist\u00f3rico da Humanidade \u2013 Unesco e a Medalha Comemorativa do Tricenten\u00e1rio das Vilas Mariana, Ouro Preto, Sabar\u00e1 \u2013 1711-2011. O evento de lan\u00e7amento ocorrer\u00e1 na Casa dos Contos de Ouro Preto, em Minas Gerais.<\/p>\n<p>A moeda, elaborada em prata, tem valor de face de R$ 5. De um lado, h\u00e1 uma composi\u00e7\u00e3o representando a arquitetura da cidade, com seu casario e igrejas, destacando-se a de S\u00e3o Francisco de Assis, ao centro, e a de Nossa Senhora das Merc\u00eas e Perd\u00f5es, \u00e0 esquerda.<\/p>\n<p>No outro lado, h\u00e1 um conjunto de tr\u00eas anjos tipicamente barrocos, retirado do medalh\u00e3o da fachada da Igreja de S\u00e3o Francisco de Assis.<\/p>\n<p>A tiragem inicial \u00e9 2 mil pe\u00e7as, com previs\u00e3o m\u00e1xima de 10 mil. A moeda de Ouro Preto faz parte da s\u00e9rie numism\u00e1tica Cidades Patrim\u00f4nio da Humanidade no Brasil. Ser\u00e3o ainda homenageadas as cidades e os centros hist\u00f3ricos brasileiros que det\u00eam o t\u00edtulo da Unesco: centro hist\u00f3rico de S\u00e3o Lu\u00eds, centro hist\u00f3rico de Diamantina, centro hist\u00f3rico de Salvador, Olinda e centro hist\u00f3rico da Cidade de Goi\u00e1s.<\/p>\n<p>A moeda comemorativa custar\u00e1 R$ 140 e poder\u00e1 ser adquirida a partir do dia 4 de junho, com pagamento em dinheiro, nos guich\u00eas de atendimento do Departamento do Meio Circulante do BC.<\/p>\n<p>Tamb\u00e9m \u00e9 poss\u00edvel comprar a moeda pela internet no endere\u00e7o do Banco do Brasil (<a rel=\"nofollow\" href=\"http:\/\/www.bb.com.br\/\" target=\"_blank\">http:\/\/www.bb.com.br\/)<\/a>. Neste caso, a moeda poder\u00e1 ser comprada com d\u00e9bito em conta (para os correntistas do BB) ou com boleto banc\u00e1rio.<\/p>\n<p>Da Ag\u00eancia Brasil<br \/>\nEdi\u00e7\u00e3o: Juliana Andrade<\/p>\n","protected":false},"excerpt":{"rendered":"<p>Bras\u00edlia &#8211; O Banco Central do Brasil e a Casa da Moeda do Brasil lan\u00e7am na pr\u00f3xima sexta-feira (1\u00ba) a Moeda Comemorativa de Ouro Preto &#8211; Patrim\u00f4nio Hist\u00f3rico da Humanidade \u2013 Unesco e a Medalha Comemorativa do Tricenten\u00e1rio das Vilas Mariana, Ouro Preto, Sabar\u00e1 \u2013 1711-2011. O evento de lan\u00e7amento ocorrer\u00e1 na Casa dos Contos [&hellip;]<\/p>\n","protected":false},"author":3,"featured_media":0,"comment_status":"open","ping_status":"closed","sticky":false,"template":"","format":"standard","meta":{"tdm_status":"","tdm_grid_status":"","footnotes":""},"categories":[22],"tags":[],"class_list":{"0":"post-35585","1":"post","2":"type-post","3":"status-publish","4":"format-standard","6":"category-brasil"},"_links":{"self":[{"href":"https:\/\/migracao.redenoticia.com.br\/noticia\/wp-json\/wp\/v2\/posts\/35585","targetHints":{"allow":["GET"]}}],"collection":[{"href":"https:\/\/migracao.redenoticia.com.br\/noticia\/wp-json\/wp\/v2\/posts"}],"about":[{"href":"https:\/\/migracao.redenoticia.com.br\/noticia\/wp-json\/wp\/v2\/types\/post"}],"author":[{"embeddable":true,"href":"https:\/\/migracao.redenoticia.com.br\/noticia\/wp-json\/wp\/v2\/users\/3"}],"replies":[{"embeddable":true,"href":"https:\/\/migracao.redenoticia.com.br\/noticia\/wp-json\/wp\/v2\/comments?post=35585"}],"version-history":[{"count":0,"href":"https:\/\/migracao.redenoticia.com.br\/noticia\/wp-json\/wp\/v2\/posts\/35585\/revisions"}],"wp:attachment":[{"href":"https:\/\/migracao.redenoticia.com.br\/noticia\/wp-json\/wp\/v2\/media?parent=35585"}],"wp:term":[{"taxonomy":"category","embeddable":true,"href":"https:\/\/migracao.redenoticia.com.br\/noticia\/wp-json\/wp\/v2\/categories?post=35585"},{"taxonomy":"post_tag","embeddable":true,"href":"https:\/\/migracao.redenoticia.com.br\/noticia\/wp-json\/wp\/v2\/tags?post=35585"}],"curies":[{"name":"wp","href":"https:\/\/api.w.org\/{rel}","templated":true}]}}