{"id":35606,"date":"2011-06-29T12:16:55","date_gmt":"2011-06-29T16:16:55","guid":{"rendered":"http:\/\/www.redenoticia.com.br\/noticia\/?p=35606"},"modified":"2011-06-29T14:22:15","modified_gmt":"2011-06-29T18:22:15","slug":"o-aprendiz-bate-recorde-com-153-mil-inscricoes","status":"publish","type":"post","link":"https:\/\/migracao.redenoticia.com.br\/noticia\/2011\/o-aprendiz-bate-recorde-com-153-mil-inscricoes\/35606","title":{"rendered":"O Aprendiz bate recorde com 153 mil inscri\u00e7\u00f5es"},"content":{"rendered":"<p><strong><img loading=\"lazy\" decoding=\"async\" class=\"alignleft size-full wp-image-23055\" title=\"joao doria aprendiz universitario\" src=\"https:\/\/migracao.redenoticia.com.br\/noticia\/imagens\/joao-doria-aprendiz-universitario.jpg\" alt=\"\" width=\"300\" height=\"193\" srcset=\"https:\/\/migracao.redenoticia.com.br\/noticia\/imagens\/joao-doria-aprendiz-universitario.jpg 300w, https:\/\/migracao.redenoticia.com.br\/noticia\/imagens\/joao-doria-aprendiz-universitario-250x160.jpg 250w, https:\/\/migracao.redenoticia.com.br\/noticia\/imagens\/joao-doria-aprendiz-universitario-150x96.jpg 150w\" sizes=\"auto, (max-width: 300px) 100vw, 300px\" \/>O Aprendiz<\/strong>, formato da Fremantle Media, \u00e9 sucesso em v\u00e1rios pa\u00edses e j\u00e1 conquistou a credibilidade do p\u00fablico brasileiro.\u00a0A pr\u00f3xima temporada de O Aprendiz recebeu no total 153 mil inscritos, um  recorde em rela\u00e7\u00e3o a todas as temporadas. O prazo de inscri\u00e7\u00f5es terminou dia  15\/06. A edi\u00e7\u00e3o anterior, exibida no ano passado, consolidou 125 mil.<\/p>\n<p>Depois de todas as etapas, que inclui pr\u00e9-sele\u00e7\u00e3o, entrevistas, din\u00e2micas e  testes, apenas 16 candidatos v\u00e3o disputar o pr\u00eamio de R$ 1,5 milh\u00e3o e enfrentar  as tarefas e a t\u00e3o temida sala de reuni\u00e3o com o apresentador Jo\u00e3o Doria Jr.<\/p>\n<p>As grava\u00e7\u00f5es come\u00e7am no segundo semestre e a estreia est\u00e1 prevista para  novembro.<\/p>\n<p>PERFIL JO\u00c3O DORIA JR.<\/p>\n<p>Jo\u00e3o Doria Jr. \u00e9 paulistano, 51 anos, casado, pai de tr\u00eas filhos. Formado em jornalismo e publicidade, Doria foi secret\u00e1rio de turismo e presidente da PAULISTUR na gest\u00e3o de M\u00e1rio Covas, na Prefeitura da cidade de S\u00e3o Paulo. Foi presidente da EMBRATUR e do Conselho Nacional de Turismo, durante o governo do presidente Jos\u00e9 Sarney. Tamb\u00e9m foi professor de marketing na FAAP \u2013 Funda\u00e7\u00e3o Armando \u00c1lvares Penteado, em S\u00e3o Paulo.<\/p>\n<p>\u00c9 acionista majorit\u00e1rio e presidente da produtora de televis\u00e3o VIDEOMAX PRODU\u00c7\u00d5ES, da empresa de comunica\u00e7\u00e3o e marketing DORIA ASSOCIADOS e da DORIA ASSOCIADOS EDITORA. Doria edita sete revistas de economia, neg\u00f3cios e estilo de vida. \u00c9 conferencista e autor dos livros \u201cSucesso com Estilo\u201d e \u201cLi\u00e7\u00f5es para Vencer\u201d. Entre suas empresas est\u00e3o tamb\u00e9m um shopping center e um centro de conven\u00e7\u00f5es em Campos do Jord\u00e3o, interior de S\u00e3o Paulo.<\/p>\n","protected":false},"excerpt":{"rendered":"<p>O Aprendiz, formato da Fremantle Media, \u00e9 sucesso em v\u00e1rios pa\u00edses e j\u00e1 conquistou a credibilidade do p\u00fablico brasileiro.\u00a0A pr\u00f3xima temporada de O Aprendiz recebeu no total 153 mil inscritos, um recorde em rela\u00e7\u00e3o a todas as temporadas. O prazo de inscri\u00e7\u00f5es terminou dia 15\/06. A edi\u00e7\u00e3o anterior, exibida no ano passado, consolidou 125 mil. [&hellip;]<\/p>\n","protected":false},"author":3,"featured_media":23055,"comment_status":"open","ping_status":"closed","sticky":false,"template":"","format":"standard","meta":{"tdm_status":"","tdm_grid_status":"","footnotes":""},"categories":[22,371,343],"tags":[],"class_list":{"0":"post-35606","1":"post","2":"type-post","3":"status-publish","4":"format-standard","5":"has-post-thumbnail","7":"category-brasil","8":"category-rede-record","9":"category-televisao"},"_links":{"self":[{"href":"https:\/\/migracao.redenoticia.com.br\/noticia\/wp-json\/wp\/v2\/posts\/35606","targetHints":{"allow":["GET"]}}],"collection":[{"href":"https:\/\/migracao.redenoticia.com.br\/noticia\/wp-json\/wp\/v2\/posts"}],"about":[{"href":"https:\/\/migracao.redenoticia.com.br\/noticia\/wp-json\/wp\/v2\/types\/post"}],"author":[{"embeddable":true,"href":"https:\/\/migracao.redenoticia.com.br\/noticia\/wp-json\/wp\/v2\/users\/3"}],"replies":[{"embeddable":true,"href":"https:\/\/migracao.redenoticia.com.br\/noticia\/wp-json\/wp\/v2\/comments?post=35606"}],"version-history":[{"count":0,"href":"https:\/\/migracao.redenoticia.com.br\/noticia\/wp-json\/wp\/v2\/posts\/35606\/revisions"}],"wp:featuredmedia":[{"embeddable":true,"href":"https:\/\/migracao.redenoticia.com.br\/noticia\/wp-json\/wp\/v2\/media\/23055"}],"wp:attachment":[{"href":"https:\/\/migracao.redenoticia.com.br\/noticia\/wp-json\/wp\/v2\/media?parent=35606"}],"wp:term":[{"taxonomy":"category","embeddable":true,"href":"https:\/\/migracao.redenoticia.com.br\/noticia\/wp-json\/wp\/v2\/categories?post=35606"},{"taxonomy":"post_tag","embeddable":true,"href":"https:\/\/migracao.redenoticia.com.br\/noticia\/wp-json\/wp\/v2\/tags?post=35606"}],"curies":[{"name":"wp","href":"https:\/\/api.w.org\/{rel}","templated":true}]}}