{"id":3569,"date":"2009-06-23T19:51:19","date_gmt":"2009-06-23T23:51:19","guid":{"rendered":"http:\/\/www.redenoticia.com.br\/noticia\/?p=3569"},"modified":"2009-06-23T23:28:40","modified_gmt":"2009-06-24T03:28:40","slug":"proposta-a-criacao-do-terceiro-distrito-em-ji-parana","status":"publish","type":"post","link":"https:\/\/migracao.redenoticia.com.br\/noticia\/2009\/proposta-a-criacao-do-terceiro-distrito-em-ji-parana\/3569","title":{"rendered":"Proposta a cria\u00e7\u00e3o do terceiro distrito em Ji-Paran\u00e1"},"content":{"rendered":"<p>O vereador Valmir teve aprovado um requerimento, solicitando\u00a0 a inclus\u00e3o no Plano Diretor Municipal o planejamento e implanta\u00e7\u00e3o de um terceiro distrito para Ji-Paran\u00e1, nas proximidades da Unijipa.<\/p>\n<p>O pedido, de acordo com Valmir, j\u00e1 foi discutido com o Prefeito Municipal, Jos\u00e9 Bianco, e atende a uma necessidade do munic\u00edpio que t\u00eam apresentado dados significativos de crescimento urbano e industrial, ressaltou o vereador.<\/p>\n<p>Tamb\u00e9m faz parte dos projetos na C\u00e2mara Municipal a cria\u00e7\u00e3o do distrito de Nova Colina eo de Nova Londrina, estes de autoria do presidente da c\u00e2mara, o vereador Nilton Cezar.<\/p>\n","protected":false},"excerpt":{"rendered":"<p>O vereador Valmir teve aprovado um requerimento, solicitando\u00a0 a inclus\u00e3o no Plano Diretor Municipal o planejamento e implanta\u00e7\u00e3o de um terceiro distrito para Ji-Paran\u00e1, nas proximidades da Unijipa. O pedido, de acordo com Valmir, j\u00e1 foi discutido com o Prefeito Municipal, Jos\u00e9 Bianco, e atende a uma necessidade do munic\u00edpio que t\u00eam apresentado dados significativos [&hellip;]<\/p>\n","protected":false},"author":2,"featured_media":0,"comment_status":"open","ping_status":"open","sticky":false,"template":"","format":"standard","meta":{"tdm_status":"","tdm_grid_status":"","footnotes":""},"categories":[22],"tags":[],"class_list":{"0":"post-3569","1":"post","2":"type-post","3":"status-publish","4":"format-standard","6":"category-brasil"},"_links":{"self":[{"href":"https:\/\/migracao.redenoticia.com.br\/noticia\/wp-json\/wp\/v2\/posts\/3569","targetHints":{"allow":["GET"]}}],"collection":[{"href":"https:\/\/migracao.redenoticia.com.br\/noticia\/wp-json\/wp\/v2\/posts"}],"about":[{"href":"https:\/\/migracao.redenoticia.com.br\/noticia\/wp-json\/wp\/v2\/types\/post"}],"author":[{"embeddable":true,"href":"https:\/\/migracao.redenoticia.com.br\/noticia\/wp-json\/wp\/v2\/users\/2"}],"replies":[{"embeddable":true,"href":"https:\/\/migracao.redenoticia.com.br\/noticia\/wp-json\/wp\/v2\/comments?post=3569"}],"version-history":[{"count":0,"href":"https:\/\/migracao.redenoticia.com.br\/noticia\/wp-json\/wp\/v2\/posts\/3569\/revisions"}],"wp:attachment":[{"href":"https:\/\/migracao.redenoticia.com.br\/noticia\/wp-json\/wp\/v2\/media?parent=3569"}],"wp:term":[{"taxonomy":"category","embeddable":true,"href":"https:\/\/migracao.redenoticia.com.br\/noticia\/wp-json\/wp\/v2\/categories?post=3569"},{"taxonomy":"post_tag","embeddable":true,"href":"https:\/\/migracao.redenoticia.com.br\/noticia\/wp-json\/wp\/v2\/tags?post=3569"}],"curies":[{"name":"wp","href":"https:\/\/api.w.org\/{rel}","templated":true}]}}