{"id":35716,"date":"2011-07-07T03:59:02","date_gmt":"2011-07-07T07:59:02","guid":{"rendered":"http:\/\/www.redenoticia.com.br\/noticia\/?p=35716"},"modified":"2011-07-08T04:03:18","modified_gmt":"2011-07-08T08:03:18","slug":"musicais-filmes-infantis-e-desenhos-na-tv-cultura","status":"publish","type":"post","link":"https:\/\/migracao.redenoticia.com.br\/noticia\/2011\/musicais-filmes-infantis-e-desenhos-na-tv-cultura\/35716","title":{"rendered":"Musicais, filmes infantis e desenhos na TV Cultura"},"content":{"rendered":"<p><img loading=\"lazy\" decoding=\"async\" class=\"alignleft size-full wp-image-34793\" title=\"falar ingles tv cultura\" src=\"https:\/\/migracao.redenoticia.com.br\/noticia\/imagens\/falar-ingles-tv-cultura.jpg\" alt=\"\" width=\"301\" height=\"194\" srcset=\"https:\/\/migracao.redenoticia.com.br\/noticia\/imagens\/falar-ingles-tv-cultura.jpg 301w, https:\/\/migracao.redenoticia.com.br\/noticia\/imagens\/falar-ingles-tv-cultura-250x161.jpg 250w, https:\/\/migracao.redenoticia.com.br\/noticia\/imagens\/falar-ingles-tv-cultura-150x96.jpg 150w\" sizes=\"auto, (max-width: 301px) 100vw, 301px\" \/>A<em><strong> TV Cultura <\/strong><\/em>encaixa na <em><strong>programa\u00e7\u00e3o de julho<\/strong><\/em> novidades para todos os  p\u00fablicos.\u00a0E elas j\u00e1 d\u00e3o as caras a partir deste s\u00e1bado (9\/7), com a estreia de  Guitarr\u00edssimo. Trata-se de uma s\u00e9rie que mostra performances de virtuoses do  viol\u00e3o interpretando obras compostas ou adaptadas para o instrumento. H\u00e1 tamb\u00e9m  o lado documental, que registra as influ\u00eancias dos artistas, repert\u00f3rio e a  rela\u00e7\u00e3o \u00edntima de cada um com o universo musical. Os solos e acordes do primeiro  epis\u00f3dio s\u00e3o do paulista Fl\u00e1vio Rodrigues, que mistura flamenco tradicional, sua  raiz, jazz e m\u00fasica brasileira. Semanal, o programa vai ao ar sempre aos  s\u00e1bados, \u00e0 0h15. A produ\u00e7\u00e3o \u00e9 da UnivespTV.<\/p>\n<p>A outra boa nova \u00e9 o Cultura Livre. Antes s\u00f3 da R\u00e1dio Cultura Brasil (AM  1200) e do portal Cultura Brasil (www.culturabrasil.com.br), o programa inaugura  na TV Cultura uma forma ousada e moderna de mostrar o que acontece nos  diferentes nichos e movimentos da m\u00fasica brasileira atual. Estreia nesta  segunda-feira (11\/7), \u00e0s 20h.<\/p>\n<p>Apresentado por Roberta Martinelli, a mesma \u00e2ncora da atra\u00e7\u00e3o na R\u00e1dio, o  Cultura Livre entrevista int\u00e9rpretes, compositores, instrumentistas, produtores,  e d\u00e1 espa\u00e7o para suas canjas.<\/p>\n<p>A ousadia est\u00e1 no formato. A atra\u00e7\u00e3o \u00e9 gravada com um celular, dois iPods e  uma c\u00e2mera normal. Um tablet ainda integra a cole\u00e7\u00e3o dos port\u00e1teis tecnol\u00f3gicos.  Sua fun\u00e7\u00e3o \u00e9 intermediar conversas com o p\u00fablico e convidados. A est\u00e9tica visual  lembra a fotografia dos filmes 8 mm, levemente desbotada e retr\u00f4. Cada programa  (ele ser\u00e1 di\u00e1rio, de segunda a sexta-feira) tem em m\u00e9dia 10 minutos, tempo  suficiente para um bom bate-papo e um ou dois n\u00fameros musicais. A expansividade  multim\u00eddia do Cultura Livre o faz chegar n\u00e3o s\u00f3 na R\u00e1dio e na TV, mas tamb\u00e9m na  internet, tanto no portal da emissora (www.cmais.com.br) como em um canal  exclusivo no Youtube. Durante a temporada, Roberta entrevista C\u00e9rebro  Eletr\u00f4nico, Los Porongas, Ti\u00ea, Jos\u00e9 Miguel Wisnik, Marcelo Jeneci, L\u00e9o  Cavalcanti, China, entre muitos outros.<\/p>\n<p>Ainda na esteira do assunto, a Cultura engancha um especial na semana em que  se comemora o Dia Mundial do Rock. No dia 16 de julho (domingo), \u00e0s 19h, o  Cultura Document\u00e1rios exibe a primeira parte do document\u00e1rio Hist\u00f3ria do Rock  Brasileiro. Recheado de imagens de apresenta\u00e7\u00f5es ao vivo e de depoimentos de  m\u00fasicos, amigos de m\u00fasicos, produtores e jornalistas, o filme tra\u00e7a a cronologia  do g\u00eanero, dos anos 1950 aos 2000. A dire\u00e7\u00e3o \u00e9 de Pedro Vieira. Classifica\u00e7\u00e3o  indicativa: 14 anos.<\/p>\n<p>Para as crian\u00e7as<\/p>\n<p>O Festival Internacional de Cinema Infantil (FICI) traz, a partir desta  segunda-feira (11\/7), uma nova leva de t\u00edtulos. O duplo hor\u00e1rio de exibi\u00e7\u00e3o  continua o mesmo, \u00e0s 12h e \u00e0s 17h30. No dia da estreia v\u00e3o ao ar,  respectivamente, A ilha do terr\u00edvel Rapaterra \u2013 uma aventura ecol\u00f3gica que  ensina a import\u00e2ncia e a fragilidade da natureza \u2013 e O cavalinho azul \u00ac\u2013 uma  f\u00e1bula que envolve um garotinho e a sua procura por um cavalo que, a seus olhos,  \u00e9 capaz de cantar e at\u00e9 de voar.<\/p>\n<p>Ainda entram no pacote da semana que vem Babar, o filme, Kiriku e a  feiticeira e Uma aventura do Zico.<\/p>\n<p>Vem por a\u00ed<\/p>\n<p>No dia 18 de julho (segunda-feira) chega mais uma novidade na Cultura. \u00c9 a  anima\u00e7\u00e3o 3D Pocoyo, que conta as aventuras do garotinho curioso Pocoyo e de seus  amiguinhos animais. E vem por a\u00ed, tamb\u00e9m, novos epis\u00f3dios do desenho Charlie e  Lola e estreia do sucesso infantil Backyardigans.<\/p>\n<p>&nbsp;<\/p>\n","protected":false},"excerpt":{"rendered":"<p>A TV Cultura encaixa na programa\u00e7\u00e3o de julho novidades para todos os p\u00fablicos.\u00a0E elas j\u00e1 d\u00e3o as caras a partir deste s\u00e1bado (9\/7), com a estreia de Guitarr\u00edssimo. Trata-se de uma s\u00e9rie que mostra performances de virtuoses do viol\u00e3o interpretando obras compostas ou adaptadas para o instrumento. H\u00e1 tamb\u00e9m o lado documental, que registra as [&hellip;]<\/p>\n","protected":false},"author":3,"featured_media":34793,"comment_status":"open","ping_status":"closed","sticky":false,"template":"","format":"standard","meta":{"tdm_status":"","tdm_grid_status":"","footnotes":""},"categories":[22,343],"tags":[],"class_list":{"0":"post-35716","1":"post","2":"type-post","3":"status-publish","4":"format-standard","5":"has-post-thumbnail","7":"category-brasil","8":"category-televisao"},"_links":{"self":[{"href":"https:\/\/migracao.redenoticia.com.br\/noticia\/wp-json\/wp\/v2\/posts\/35716","targetHints":{"allow":["GET"]}}],"collection":[{"href":"https:\/\/migracao.redenoticia.com.br\/noticia\/wp-json\/wp\/v2\/posts"}],"about":[{"href":"https:\/\/migracao.redenoticia.com.br\/noticia\/wp-json\/wp\/v2\/types\/post"}],"author":[{"embeddable":true,"href":"https:\/\/migracao.redenoticia.com.br\/noticia\/wp-json\/wp\/v2\/users\/3"}],"replies":[{"embeddable":true,"href":"https:\/\/migracao.redenoticia.com.br\/noticia\/wp-json\/wp\/v2\/comments?post=35716"}],"version-history":[{"count":0,"href":"https:\/\/migracao.redenoticia.com.br\/noticia\/wp-json\/wp\/v2\/posts\/35716\/revisions"}],"wp:featuredmedia":[{"embeddable":true,"href":"https:\/\/migracao.redenoticia.com.br\/noticia\/wp-json\/wp\/v2\/media\/34793"}],"wp:attachment":[{"href":"https:\/\/migracao.redenoticia.com.br\/noticia\/wp-json\/wp\/v2\/media?parent=35716"}],"wp:term":[{"taxonomy":"category","embeddable":true,"href":"https:\/\/migracao.redenoticia.com.br\/noticia\/wp-json\/wp\/v2\/categories?post=35716"},{"taxonomy":"post_tag","embeddable":true,"href":"https:\/\/migracao.redenoticia.com.br\/noticia\/wp-json\/wp\/v2\/tags?post=35716"}],"curies":[{"name":"wp","href":"https:\/\/api.w.org\/{rel}","templated":true}]}}