{"id":35717,"date":"2011-07-08T04:06:34","date_gmt":"2011-07-08T08:06:34","guid":{"rendered":"http:\/\/www.redenoticia.com.br\/noticia\/?p=35717"},"modified":"2011-07-08T04:06:34","modified_gmt":"2011-07-08T08:06:34","slug":"revalidacao-de-diplomas-estrangeiros-devera-ser-agilizado","status":"publish","type":"post","link":"https:\/\/migracao.redenoticia.com.br\/noticia\/2011\/revalidacao-de-diplomas-estrangeiros-devera-ser-agilizado\/35717","title":{"rendered":"Revalida\u00e7\u00e3o de diplomas estrangeiros dever\u00e1 ser agilizado"},"content":{"rendered":"<p><img loading=\"lazy\" decoding=\"async\" class=\"alignleft size-full wp-image-35036\" title=\"aluno curso estudante\" src=\"https:\/\/migracao.redenoticia.com.br\/noticia\/imagens\/aluno-curso-estudante.jpg\" alt=\"\" width=\"300\" height=\"193\" srcset=\"https:\/\/migracao.redenoticia.com.br\/noticia\/imagens\/aluno-curso-estudante.jpg 300w, https:\/\/migracao.redenoticia.com.br\/noticia\/imagens\/aluno-curso-estudante-250x160.jpg 250w, https:\/\/migracao.redenoticia.com.br\/noticia\/imagens\/aluno-curso-estudante-150x96.jpg 150w\" sizes=\"auto, (max-width: 300px) 100vw, 300px\" \/>O Minist\u00e9rio da Educa\u00e7\u00e3o realizar\u00e1 estudos com o objetivo de conferir agilidade ao processo de <em><strong>revalida\u00e7\u00e3o de diplomas<\/strong><\/em> expedidos por universidades estrangeiras. O an\u00fancio foi feito pelo secret\u00e1rio de Educa\u00e7\u00e3o Superior do Minist\u00e9rio da Educa\u00e7\u00e3o, Luiz Cl\u00e1udio Costa, aos participantes da audi\u00eancia p\u00fablica promovida pela Comiss\u00e3o de Educa\u00e7\u00e3o e Cultura da C\u00e2mara dos Deputados, realizada na manh\u00e3 desta quinta-feira, 7 de julho.<\/p>\n<p>De acordo com o secret\u00e1rio, ser\u00e1 apresentada na pr\u00f3xima semana \u00e0 Associa\u00e7\u00e3o Nacional dos Dirigentes das Institui\u00e7\u00f5es Federais de Ensino Superior (Andifes), durante reuni\u00e3o do conselho pleno da entidade, a proposta de forma\u00e7\u00e3o de um grupo de trabalho que dever\u00e1 discutir a cria\u00e7\u00e3o de mecanismos para tornar o processo de revalida\u00e7\u00e3o mais \u00e1gil. A inten\u00e7\u00e3o \u00e9 que n\u00e3o haja interfer\u00eancia na autonomia das universidades e que seja garantida a exig\u00eancia da qualidade. O grupo de trabalho ser\u00e1 formado por representantes da Secretaria de Educa\u00e7\u00e3o Superior (Sesu) do MEC, da Coordena\u00e7\u00e3o de Aperfei\u00e7oamento de Pessoal de N\u00edvel Superior (Capes), do Conselho Nacional de Educa\u00e7\u00e3o (CNE) e Andifes.<\/p>\n<p>Entre as propostas apresentadas est\u00e1 a cria\u00e7\u00e3o de uma lista de universidades estrangeiras para as quais o processo de revalida\u00e7\u00e3o seria feito a partir de tr\u00e2mites padronizados. Para isso seriam escolhidas institui\u00e7\u00f5es com reconhecida qualidade no meio acad\u00eamico internacional, com sistemas de avalia\u00e7\u00e3o reconhecidos e compat\u00edveis com os crit\u00e9rios brasileiros.<\/p>\n<p>O secret\u00e1rio tamb\u00e9m refor\u00e7ou a necessidade de cria\u00e7\u00e3o de uma for\u00e7a-tarefa para zerar o passivo de diplomas estrangeiros que atualmente encontram-se nas universidades do pa\u00eds. A Associa\u00e7\u00e3o Nacional dos P\u00f3s-Graduados em Institui\u00e7\u00f5es Estrangeiras de Ensino Superior (Anpgiees), que tamb\u00e9m participou do debate, estima que existam cerca de 2 mil diplomas estrangeiros nessa situa\u00e7\u00e3o. De acordo com a Lei de Diretrizes e Bases da Educa\u00e7\u00e3o Nacional (LDB) s\u00e3o competentes para revalidar os diplomas estrangeiros as universidades p\u00fablicas brasileiras.<\/p>\n<p>\u201cTemos que reconhecer o esfor\u00e7o de nossas universidades, mesmo que elas n\u00e3o possuam as condi\u00e7\u00f5es ideais para esse processo, que exige de fato muita cautela\u201d, disse Luiz Cl\u00e1udio. \u201cMas n\u00e3o podemos admitir que um estudante tenha que esperar, em alguns casos, mais de cinco anos para ter seu diploma revalidado. Ainda que a decis\u00e3o seja pelo indeferimento do pedido de revalida\u00e7\u00e3o, o aluno n\u00e3o pode esperar todo esse tempo.\u201d<\/p>\n<p>O secret\u00e1rio refor\u00e7ou a import\u00e2ncia conferida pelo governo brasileiro \u00e0 coopera\u00e7\u00e3o internacional, citando o programa em elabora\u00e7\u00e3o pelos minist\u00e9rios da Educa\u00e7\u00e3o e Ci\u00eancia e Tecnologia, que prev\u00ea a oferta de 75 mil bolsas de estudo no exterior no prazo de quatro anos. Para Luiz Cl\u00e1udio, a iniciativa refor\u00e7a ainda mais a necessidade de rediscuss\u00e3o sobre o processo de revalida\u00e7\u00e3o.<\/p>\n<p>\u201cN\u00e3o podemos permitir que um estudante brasileiro estude no exterior com incentivo do pr\u00f3prio governo e tenha dificuldades para ter seus cr\u00e9ditos reconhecidos, revalidar seu diploma e exercer a profiss\u00e3o em nosso pa\u00eds.\u201d<\/p>\n<p>Al\u00e9m do secret\u00e1rio, participaram da audi\u00eancia representantes da Associa\u00e7\u00e3o Nacional dos Dirigentes das Institui\u00e7\u00f5es Federais de Ensino Superior (Andifes); da C\u00e2mara de Educa\u00e7\u00e3o Superior do CNE; da Associa\u00e7\u00e3o Nacional dos P\u00f3s-Graduados em Institui\u00e7\u00f5es Estrangeiras de Ensino Superior (Anpgiees) e da Universidade Lus\u00f3fona de Humanidades e Tecnologia de Lisboa.<\/p>\n<p>R\u00fabia Baptista<\/p>\n","protected":false},"excerpt":{"rendered":"<p>O Minist\u00e9rio da Educa\u00e7\u00e3o realizar\u00e1 estudos com o objetivo de conferir agilidade ao processo de revalida\u00e7\u00e3o de diplomas expedidos por universidades estrangeiras. O an\u00fancio foi feito pelo secret\u00e1rio de Educa\u00e7\u00e3o Superior do Minist\u00e9rio da Educa\u00e7\u00e3o, Luiz Cl\u00e1udio Costa, aos participantes da audi\u00eancia p\u00fablica promovida pela Comiss\u00e3o de Educa\u00e7\u00e3o e Cultura da C\u00e2mara dos Deputados, realizada [&hellip;]<\/p>\n","protected":false},"author":3,"featured_media":35036,"comment_status":"open","ping_status":"closed","sticky":false,"template":"","format":"standard","meta":{"tdm_status":"","tdm_grid_status":"","footnotes":""},"categories":[22],"tags":[],"class_list":{"0":"post-35717","1":"post","2":"type-post","3":"status-publish","4":"format-standard","5":"has-post-thumbnail","7":"category-brasil"},"_links":{"self":[{"href":"https:\/\/migracao.redenoticia.com.br\/noticia\/wp-json\/wp\/v2\/posts\/35717","targetHints":{"allow":["GET"]}}],"collection":[{"href":"https:\/\/migracao.redenoticia.com.br\/noticia\/wp-json\/wp\/v2\/posts"}],"about":[{"href":"https:\/\/migracao.redenoticia.com.br\/noticia\/wp-json\/wp\/v2\/types\/post"}],"author":[{"embeddable":true,"href":"https:\/\/migracao.redenoticia.com.br\/noticia\/wp-json\/wp\/v2\/users\/3"}],"replies":[{"embeddable":true,"href":"https:\/\/migracao.redenoticia.com.br\/noticia\/wp-json\/wp\/v2\/comments?post=35717"}],"version-history":[{"count":0,"href":"https:\/\/migracao.redenoticia.com.br\/noticia\/wp-json\/wp\/v2\/posts\/35717\/revisions"}],"wp:featuredmedia":[{"embeddable":true,"href":"https:\/\/migracao.redenoticia.com.br\/noticia\/wp-json\/wp\/v2\/media\/35036"}],"wp:attachment":[{"href":"https:\/\/migracao.redenoticia.com.br\/noticia\/wp-json\/wp\/v2\/media?parent=35717"}],"wp:term":[{"taxonomy":"category","embeddable":true,"href":"https:\/\/migracao.redenoticia.com.br\/noticia\/wp-json\/wp\/v2\/categories?post=35717"},{"taxonomy":"post_tag","embeddable":true,"href":"https:\/\/migracao.redenoticia.com.br\/noticia\/wp-json\/wp\/v2\/tags?post=35717"}],"curies":[{"name":"wp","href":"https:\/\/api.w.org\/{rel}","templated":true}]}}