{"id":35720,"date":"2011-07-08T04:22:32","date_gmt":"2011-07-08T08:22:32","guid":{"rendered":"http:\/\/www.redenoticia.com.br\/noticia\/?p=35720"},"modified":"2011-07-08T04:22:32","modified_gmt":"2011-07-08T08:22:32","slug":"enem-54-milhoes-estao-habilitados-para-a-prova-deste-ano","status":"publish","type":"post","link":"https:\/\/migracao.redenoticia.com.br\/noticia\/2011\/enem-54-milhoes-estao-habilitados-para-a-prova-deste-ano\/35720","title":{"rendered":"Enem: 5,4 milh\u00f5es est\u00e3o habilitados para a prova deste ano"},"content":{"rendered":"<p><em><strong><img loading=\"lazy\" decoding=\"async\" class=\"alignleft size-full wp-image-22504\" title=\"enem inscricao\" src=\"https:\/\/migracao.redenoticia.com.br\/noticia\/imagens\/enem-inscricao.jpg\" alt=\"\" width=\"300\" height=\"193\" srcset=\"https:\/\/migracao.redenoticia.com.br\/noticia\/imagens\/enem-inscricao.jpg 300w, https:\/\/migracao.redenoticia.com.br\/noticia\/imagens\/enem-inscricao-250x160.jpg 250w, https:\/\/migracao.redenoticia.com.br\/noticia\/imagens\/enem-inscricao-150x96.jpg 150w\" sizes=\"auto, (max-width: 300px) 100vw, 300px\" \/>Enem<\/strong><\/em> \u2013 o Exame Nacional do Ensino M\u00e9dio (Enem) deste ano tem 5,4 milh\u00f5es de candidatos habilitados para fazer a prova. O n\u00famero final de inscritos foi informado \u00e0 Ag\u00eancia Brasil pelo ministro da Educa\u00e7\u00e3o, Fernando Haddad, ap\u00f3s participar da assinatura de conv\u00eanio com a Secretaria de Educa\u00e7\u00e3o do Distrito Federal.<\/p>\n<p>Mais de 6,2 milh\u00f5es de estudantes fizeram a inscri\u00e7\u00e3o pela internet, mas o Instituto Nacional de Estudos e Pesquisas Educacionais (Inep) aguardava a confirma\u00e7\u00e3o do Banco do Brasil sobre a quantidade de inscri\u00e7\u00f5es cujas taxas foram efetivamente pagas.<\/p>\n<p>O n\u00famero de participantes da edi\u00e7\u00e3o 2011 \u00e9 recorde. Em 2010, cerca de 4,6 milh\u00f5es se inscreveram para fazer a prova. O exame ser\u00e1 aplicado nos dias 22 e 23 de outubro, em 12 mil locais de prova distribu\u00eddos por 1.599 munic\u00edpios.<\/p>\n<p>Em 2009, o Minist\u00e9rio da Educa\u00e7\u00e3o (MEC) deu in\u00edcio ao projeto de substitui\u00e7\u00e3o dos vestibulares tradicionais pelo Enem como forma de ingresso no ensino superior. A partir do resultado da prova, os alunos se inscrevem no Sistema de Sele\u00e7\u00e3o Unificada (Sisu) e podem pleitear vagas em institui\u00e7\u00f5es p\u00fablicas de todo o pa\u00eds.<\/p>\n<p>A partir de 2012 a prova ter\u00e1 duas edi\u00e7\u00f5es ao ano, uma no primeiro semestre e outra no segundo. A primeira edi\u00e7\u00e3o do ano que vem j\u00e1 est\u00e1 confirmada para os dias 28 e 29 de abril. A data da segunda edi\u00e7\u00e3o ainda n\u00e3o foi definida em fun\u00e7\u00e3o das elei\u00e7\u00f5es municipais, que ocorrer\u00e3o em outubro, m\u00eas de aplica\u00e7\u00e3o do Enem nos anos anteriores.<\/p>\n<p>A participa\u00e7\u00e3o no Enem tamb\u00e9m \u00e9 pr\u00e9-requisito para os estudantes interessados em uma bolsa do Programa Universidade para Todos (ProUni). Os benef\u00edcios s\u00e3o distribu\u00eddos a partir do desempenho do candidato no exame e podem ser integrais ou parciais, dependendo da renda da fam\u00edlia. Para participar do programa \u00e9 preciso ter cursado todo o ensino m\u00e9dio na rede p\u00fablica.<\/p>\n<p>Amanda Cieglinski<br \/>\nRep\u00f3rter da Ag\u00eancia Brasil<\/p>\n<p>Edi\u00e7\u00e3o: Vinicius Doria<\/p>\n","protected":false},"excerpt":{"rendered":"<p>Enem \u2013 o Exame Nacional do Ensino M\u00e9dio (Enem) deste ano tem 5,4 milh\u00f5es de candidatos habilitados para fazer a prova. O n\u00famero final de inscritos foi informado \u00e0 Ag\u00eancia Brasil pelo ministro da Educa\u00e7\u00e3o, Fernando Haddad, ap\u00f3s participar da assinatura de conv\u00eanio com a Secretaria de Educa\u00e7\u00e3o do Distrito Federal. Mais de 6,2 milh\u00f5es [&hellip;]<\/p>\n","protected":false},"author":3,"featured_media":22504,"comment_status":"open","ping_status":"closed","sticky":false,"template":"","format":"standard","meta":{"tdm_status":"","tdm_grid_status":"","footnotes":""},"categories":[22,370,295],"tags":[],"class_list":{"0":"post-35720","1":"post","2":"type-post","3":"status-publish","4":"format-standard","5":"has-post-thumbnail","7":"category-brasil","8":"category-inscricao","9":"category-vestibular"},"_links":{"self":[{"href":"https:\/\/migracao.redenoticia.com.br\/noticia\/wp-json\/wp\/v2\/posts\/35720","targetHints":{"allow":["GET"]}}],"collection":[{"href":"https:\/\/migracao.redenoticia.com.br\/noticia\/wp-json\/wp\/v2\/posts"}],"about":[{"href":"https:\/\/migracao.redenoticia.com.br\/noticia\/wp-json\/wp\/v2\/types\/post"}],"author":[{"embeddable":true,"href":"https:\/\/migracao.redenoticia.com.br\/noticia\/wp-json\/wp\/v2\/users\/3"}],"replies":[{"embeddable":true,"href":"https:\/\/migracao.redenoticia.com.br\/noticia\/wp-json\/wp\/v2\/comments?post=35720"}],"version-history":[{"count":0,"href":"https:\/\/migracao.redenoticia.com.br\/noticia\/wp-json\/wp\/v2\/posts\/35720\/revisions"}],"wp:featuredmedia":[{"embeddable":true,"href":"https:\/\/migracao.redenoticia.com.br\/noticia\/wp-json\/wp\/v2\/media\/22504"}],"wp:attachment":[{"href":"https:\/\/migracao.redenoticia.com.br\/noticia\/wp-json\/wp\/v2\/media?parent=35720"}],"wp:term":[{"taxonomy":"category","embeddable":true,"href":"https:\/\/migracao.redenoticia.com.br\/noticia\/wp-json\/wp\/v2\/categories?post=35720"},{"taxonomy":"post_tag","embeddable":true,"href":"https:\/\/migracao.redenoticia.com.br\/noticia\/wp-json\/wp\/v2\/tags?post=35720"}],"curies":[{"name":"wp","href":"https:\/\/api.w.org\/{rel}","templated":true}]}}