{"id":35729,"date":"2011-07-08T17:36:34","date_gmt":"2011-07-08T21:36:34","guid":{"rendered":"http:\/\/www.redenoticia.com.br\/noticia\/?p=35729"},"modified":"2011-07-08T17:37:30","modified_gmt":"2011-07-08T21:37:30","slug":"fgv-abre-inscricoes-para-o-vestibular-2012","status":"publish","type":"post","link":"https:\/\/migracao.redenoticia.com.br\/noticia\/2011\/fgv-abre-inscricoes-para-o-vestibular-2012\/35729","title":{"rendered":"FGV abre inscri\u00e7\u00f5es para o vestibular 2012"},"content":{"rendered":"<p><em><strong><img loading=\"lazy\" decoding=\"async\" class=\"alignleft size-full wp-image-34896\" title=\"vestibular\" src=\"https:\/\/migracao.redenoticia.com.br\/noticia\/imagens\/vestibular2.jpg\" alt=\"\" width=\"300\" height=\"193\" srcset=\"https:\/\/migracao.redenoticia.com.br\/noticia\/imagens\/vestibular2.jpg 300w, https:\/\/migracao.redenoticia.com.br\/noticia\/imagens\/vestibular2-250x160.jpg 250w, https:\/\/migracao.redenoticia.com.br\/noticia\/imagens\/vestibular2-150x96.jpg 150w\" sizes=\"auto, (max-width: 300px) 100vw, 300px\" \/>Vestibular<\/strong><\/em> &#8211; a\u00a0partir de 11 de julho estar\u00e3o abertas as inscri\u00e7\u00f5es para o processo  seletivo dos cursos de gradua\u00e7\u00e3o da Funda\u00e7\u00e3o Getulio Vargas (FGV) para ingresso  no primeiro semestre de 2012. A institui\u00e7\u00e3o oferece, no Rio de Janeiro e em S\u00e3o  Paulo, os tradicionais cursos de Administra\u00e7\u00e3o, Economia e Direito, al\u00e9m de  Hist\u00f3ria e Ci\u00eancias Sociais, apenas no Rio de Janeiro. As provas das escolas do  Rio de Janeiro acontecer\u00e3o no dia 30 de outubro e as de S\u00e3o Paulo conforme  calend\u00e1rio abaixo. Este ano a Escola de Administra\u00e7\u00e3o de Empresas de S\u00e3o Paulo  oferecer\u00e1 tamb\u00e9m vestibular para o curso de Administra\u00e7\u00e3o P\u00fablica. No Rio de  Janeiro, as inscri\u00e7\u00f5es estar\u00e3o abertas at\u00e9 o dia 3 de outubro e em S\u00e3o Paulo at\u00e9  o dia 17 de outubro.<\/p>\n<p>Os interessados t\u00eam at\u00e9 \u00e0s 18h de 19 de agosto para aproveitar as condi\u00e7\u00f5es  especiais na taxa de inscri\u00e7\u00e3o e pagar apenas R$ 75,00. Ap\u00f3s esse hor\u00e1rio, o  valor passar\u00e1 para R$ 150,00. Os alunos da rede p\u00fablica do Rio de Janeiro t\u00eam  at\u00e9 o dia 26 de setembro para solicitar a isen\u00e7\u00e3o da taxa de inscri\u00e7\u00e3o, mediante  comprova\u00e7\u00e3o por documentos. Em S\u00e3o Paulo, os documentos podem ser entregues at\u00e9  o fim do prazo de inscri\u00e7\u00f5es, no dia 17 de outubro.<\/p>\n<p>ENEM<\/p>\n<p>No Rio de Janeiro, a FGV dedicar\u00e1 18% das vagas do vestibular para os  candidatos que tiverem notas iguais ou superiores a 80% da nota m\u00e1xima, tanto  nas provas objetivas quanto na prova de reda\u00e7\u00e3o do Exame Nacional do Ensino  M\u00e9dio (ENEM). O valor da inscri\u00e7\u00e3o para participar do processo seletivo com base  no resultado ENEM ser\u00e1 de R$ 10,00, no per\u00edodo de 11\/07 at\u00e9 \u00e0s 18h do dia 03\/10.  Para concorrer, os candidatos poder\u00e3o se inscrever nos dois meios de ingresso \u2013  vestibular e ENEM \u2013 ou somente em um dos processos. Se a op\u00e7\u00e3o for participar  simultaneamente dos dois, ser\u00e1 necess\u00e1rio pagar as duas taxas de inscri\u00e7\u00e3o.<\/p>\n<p>Hotsite e Facebook<\/p>\n<p>As inscri\u00e7\u00f5es para o vestibular da FGV devem ser feitas pelo site  <a href=\"http:\/\/www.fgv.br\/vestibular\" target=\"_blank\">www.fgv.br\/vestibular<\/a>. Atrav\u00e9s do hotsite, os candidatos podem acessar os  editais de cada curso, assistir a uma aula-convite e conhecer as instala\u00e7\u00f5es da  FGV em um passeio virtual guiado por alunos. \u00c9 poss\u00edvel ainda assistir a v\u00eddeos  em que alunos, pais, ex-alunos, professores e profissionais de RH falam sobre as  vantagens de estudar na Funda\u00e7\u00e3o. Os candidatos podem ainda, por meio da p\u00e1gina  do vestibular FGV no Facebook (facebook.com\/vestibularfgv), encarar desafios  propostos por algumas das maiores empresas do Brasil e concorrer a pr\u00eamios  exclusivos.<\/p>\n<p>Vagas oferecidas<\/p>\n<p>\u2022 Rio de Janeiro \u2013 50 em Administra\u00e7\u00e3o; 50 em Ci\u00eancias Econ\u00f4micas; 50 em  Ci\u00eancias Sociais; 50 em Hist\u00f3ria e 50 em Direito.<\/p>\n<p>\u2022 S\u00e3o Paulo \u2013 200 em Administra\u00e7\u00e3o de Empresas; 50 em Administra\u00e7\u00e3o P\u00fablica;  50 em Ci\u00eancias Econ\u00f4micas e 50 em Direito.<\/p>\n<p>Datas das provas do Vestibular<\/p>\n<p>\u2022 Todos os cursos do Rio de Janeiro<br \/>\n30 de outubro de 2011<\/p>\n<p>\u2022 Administra\u00e7\u00e3o de Empresas e Administra\u00e7\u00e3o P\u00fablica (EAESP &#8211; S\u00e3o Paulo)<br \/>\n11  de dezembro de 2011<\/p>\n<p>\u2022 Economia (EESP &#8211; S\u00e3o Paulo)<\/p>\n<p>1\u00aa fase \u2013 4 de dezembro de 2011<br \/>\n2\u00aa fase \u2013 18 de dezembro de 2011<\/p>\n<p>\u2022 Direito (Direito GV &#8211; S\u00e3o Paulo)<\/p>\n<p>1\u00aa fase \u2013 13 e 15 de novembro de 2011<br \/>\nExame oral \u2013 a ser agendado entre 12  e 16 de dezembro<\/p>\n<p>&nbsp;<\/p>\n","protected":false},"excerpt":{"rendered":"<p>Vestibular &#8211; a\u00a0partir de 11 de julho estar\u00e3o abertas as inscri\u00e7\u00f5es para o processo seletivo dos cursos de gradua\u00e7\u00e3o da Funda\u00e7\u00e3o Getulio Vargas (FGV) para ingresso no primeiro semestre de 2012. A institui\u00e7\u00e3o oferece, no Rio de Janeiro e em S\u00e3o Paulo, os tradicionais cursos de Administra\u00e7\u00e3o, Economia e Direito, al\u00e9m de Hist\u00f3ria e Ci\u00eancias [&hellip;]<\/p>\n","protected":false},"author":3,"featured_media":34896,"comment_status":"open","ping_status":"closed","sticky":false,"template":"","format":"standard","meta":{"tdm_status":"","tdm_grid_status":"","footnotes":""},"categories":[22,370,295],"tags":[],"class_list":{"0":"post-35729","1":"post","2":"type-post","3":"status-publish","4":"format-standard","5":"has-post-thumbnail","7":"category-brasil","8":"category-inscricao","9":"category-vestibular"},"_links":{"self":[{"href":"https:\/\/migracao.redenoticia.com.br\/noticia\/wp-json\/wp\/v2\/posts\/35729","targetHints":{"allow":["GET"]}}],"collection":[{"href":"https:\/\/migracao.redenoticia.com.br\/noticia\/wp-json\/wp\/v2\/posts"}],"about":[{"href":"https:\/\/migracao.redenoticia.com.br\/noticia\/wp-json\/wp\/v2\/types\/post"}],"author":[{"embeddable":true,"href":"https:\/\/migracao.redenoticia.com.br\/noticia\/wp-json\/wp\/v2\/users\/3"}],"replies":[{"embeddable":true,"href":"https:\/\/migracao.redenoticia.com.br\/noticia\/wp-json\/wp\/v2\/comments?post=35729"}],"version-history":[{"count":0,"href":"https:\/\/migracao.redenoticia.com.br\/noticia\/wp-json\/wp\/v2\/posts\/35729\/revisions"}],"wp:featuredmedia":[{"embeddable":true,"href":"https:\/\/migracao.redenoticia.com.br\/noticia\/wp-json\/wp\/v2\/media\/34896"}],"wp:attachment":[{"href":"https:\/\/migracao.redenoticia.com.br\/noticia\/wp-json\/wp\/v2\/media?parent=35729"}],"wp:term":[{"taxonomy":"category","embeddable":true,"href":"https:\/\/migracao.redenoticia.com.br\/noticia\/wp-json\/wp\/v2\/categories?post=35729"},{"taxonomy":"post_tag","embeddable":true,"href":"https:\/\/migracao.redenoticia.com.br\/noticia\/wp-json\/wp\/v2\/tags?post=35729"}],"curies":[{"name":"wp","href":"https:\/\/api.w.org\/{rel}","templated":true}]}}