{"id":35851,"date":"2011-07-19T14:12:04","date_gmt":"2011-07-19T18:12:04","guid":{"rendered":"http:\/\/www.redenoticia.com.br\/noticia\/?p=35851"},"modified":"2011-07-19T14:12:04","modified_gmt":"2011-07-19T18:12:04","slug":"fatecs-divulgam-lista-de-convocados-do-vestibular-2%c2%ba-semestre-2011","status":"publish","type":"post","link":"https:\/\/migracao.redenoticia.com.br\/noticia\/2011\/fatecs-divulgam-lista-de-convocados-do-vestibular-2%c2%ba-semestre-2011\/35851","title":{"rendered":"Fatecs divulgam lista de convocados do Vestibular 2\u00ba semestre 2011"},"content":{"rendered":"<h2><span class=\"Apple-style-span\" style=\"font-size: 13px; font-weight: normal;\"><em><strong><img loading=\"lazy\" decoding=\"async\" class=\"alignleft size-full wp-image-34896\" title=\"vestibular\" src=\"https:\/\/migracao.redenoticia.com.br\/noticia\/imagens\/vestibular2.jpg\" alt=\"\" width=\"300\" height=\"193\" srcset=\"https:\/\/migracao.redenoticia.com.br\/noticia\/imagens\/vestibular2.jpg 300w, https:\/\/migracao.redenoticia.com.br\/noticia\/imagens\/vestibular2-250x160.jpg 250w, https:\/\/migracao.redenoticia.com.br\/noticia\/imagens\/vestibular2-150x96.jpg 150w\" sizes=\"auto, (max-width: 300px) 100vw, 300px\" \/>Fatecs\u00a0Vestibular<\/strong><\/em> 2\u00ba semestre 2011 &#8211; j\u00e1 est\u00e1 no site <a href=\"http:\/\/www.fatec2007.com.br\/\" target=\"_blank\">www.vestibularfatec.com.br <\/a>, a primeira lista de convocados do Vestibular das Faculdades de Tecnologia (Fatecs) do Estado de S\u00e3o Paulo para o 2\u00ba semestre de 2011. A rela\u00e7\u00e3o tamb\u00e9m ser\u00e1 afixada na unidade em que o aluno pretende estudar. Caso as vagas oferecidas n\u00e3o sejam preenchidas pelos candidatos da primeira chamada, a segunda lista com novos classificados ser\u00e1 divulgada somente na faculdade no dia 21 de julho.\u00a0<\/span><\/h2>\n<p>Neste processo seletivo as 10.860 vagas foram distribu\u00eddas entre as 51 Fatecs. O curso com maior \u00edndice de candidato\/vaga \u00e9 o de An\u00e1lise e Desenvolvimento de Sistemas, no per\u00edodo da noite, oferecido na Fatec Carapicu\u00edba, com 13,65 candidatos por vaga.<\/p>\n<p>Matr\u00edcula<\/p>\n<p>A matr\u00edcula deve ser feita na secretaria da Fatec onde o candidato pretende estudar, no hor\u00e1rio determinado pela unidade de ensino. Perder\u00e1 direito \u00e0 vaga quem n\u00e3o fizer a matr\u00edcula na data determinada ou deixar de apresentar os documentos exigidos. Abaixo, o calend\u00e1rio:<\/p>\n<p>* 20 de julho: dever\u00e3o efetuar a matr\u00edcula os convocados na primeira lista;<br \/>\n* 21 de julho: divulga\u00e7\u00e3o dos convocados da segunda lista, nas respectivas Fatecs;<br \/>\n* 22 de julho: data da matr\u00edcula para os candidatos da segunda lista.<\/p>\n<p>Documentos necess\u00e1rios<\/p>\n<p>Para efetivar a matr\u00edcula, o candidato deve entregar uma foto 3&#215;4 recente e c\u00f3pia autenticada ou c\u00f3pia simples acompanhada do original de cada um dos seguintes documentos: carteira de identidade (RG); certid\u00e3o de nascimento ou de casamento; documento de quita\u00e7\u00e3o com o servi\u00e7o militar; t\u00edtulo de eleitor, para os brasileiros maiores de 18 anos, com o comprovante de vota\u00e7\u00e3o ou certid\u00e3o de quita\u00e7\u00e3o eleitoral; hist\u00f3rico escolar completo do Ensino M\u00e9dio ou equivalente; e certificado de conclus\u00e3o do Ensino M\u00e9dio ou equivalente.<\/p>\n<p>O candidato que ingressou no Sistema de Pontua\u00e7\u00e3o Acrescida pelo item escolaridade p\u00fablica deve apresentar hist\u00f3rico escolar ou declara\u00e7\u00e3o escolar, comprovando que cursou integralmente o Ensino M\u00e9dio na rede p\u00fablica municipal, estadual ou federal.<\/p>\n<p>Caso o candidato pretenda obter aproveitamento de estudos em disciplinas j\u00e1 conclu\u00eddas em outro curso superior, deve apresentar a documenta\u00e7\u00e3o referente \u00e0 carga hor\u00e1ria, ementa e programa da disciplina cursada.<\/p>\n<p>Do Centro Paula Souza<\/p>\n","protected":false},"excerpt":{"rendered":"<p>Fatecs\u00a0Vestibular 2\u00ba semestre 2011 &#8211; j\u00e1 est\u00e1 no site www.vestibularfatec.com.br , a primeira lista de convocados do Vestibular das Faculdades de Tecnologia (Fatecs) do Estado de S\u00e3o Paulo para o 2\u00ba semestre de 2011. A rela\u00e7\u00e3o tamb\u00e9m ser\u00e1 afixada na unidade em que o aluno pretende estudar. Caso as vagas oferecidas n\u00e3o sejam preenchidas pelos [&hellip;]<\/p>\n","protected":false},"author":3,"featured_media":34896,"comment_status":"open","ping_status":"closed","sticky":false,"template":"","format":"standard","meta":{"tdm_status":"","tdm_grid_status":"","footnotes":""},"categories":[22,370,295],"tags":[],"class_list":{"0":"post-35851","1":"post","2":"type-post","3":"status-publish","4":"format-standard","5":"has-post-thumbnail","7":"category-brasil","8":"category-inscricao","9":"category-vestibular"},"_links":{"self":[{"href":"https:\/\/migracao.redenoticia.com.br\/noticia\/wp-json\/wp\/v2\/posts\/35851","targetHints":{"allow":["GET"]}}],"collection":[{"href":"https:\/\/migracao.redenoticia.com.br\/noticia\/wp-json\/wp\/v2\/posts"}],"about":[{"href":"https:\/\/migracao.redenoticia.com.br\/noticia\/wp-json\/wp\/v2\/types\/post"}],"author":[{"embeddable":true,"href":"https:\/\/migracao.redenoticia.com.br\/noticia\/wp-json\/wp\/v2\/users\/3"}],"replies":[{"embeddable":true,"href":"https:\/\/migracao.redenoticia.com.br\/noticia\/wp-json\/wp\/v2\/comments?post=35851"}],"version-history":[{"count":0,"href":"https:\/\/migracao.redenoticia.com.br\/noticia\/wp-json\/wp\/v2\/posts\/35851\/revisions"}],"wp:featuredmedia":[{"embeddable":true,"href":"https:\/\/migracao.redenoticia.com.br\/noticia\/wp-json\/wp\/v2\/media\/34896"}],"wp:attachment":[{"href":"https:\/\/migracao.redenoticia.com.br\/noticia\/wp-json\/wp\/v2\/media?parent=35851"}],"wp:term":[{"taxonomy":"category","embeddable":true,"href":"https:\/\/migracao.redenoticia.com.br\/noticia\/wp-json\/wp\/v2\/categories?post=35851"},{"taxonomy":"post_tag","embeddable":true,"href":"https:\/\/migracao.redenoticia.com.br\/noticia\/wp-json\/wp\/v2\/tags?post=35851"}],"curies":[{"name":"wp","href":"https:\/\/api.w.org\/{rel}","templated":true}]}}