{"id":35857,"date":"2011-07-19T14:32:46","date_gmt":"2011-07-19T18:32:46","guid":{"rendered":"http:\/\/www.redenoticia.com.br\/noticia\/?p=35857"},"modified":"2011-07-19T14:32:46","modified_gmt":"2011-07-19T18:32:46","slug":"etapa-miss-brasil-2011-sera-decidida-dia-23-de-julho","status":"publish","type":"post","link":"https:\/\/migracao.redenoticia.com.br\/noticia\/2011\/etapa-miss-brasil-2011-sera-decidida-dia-23-de-julho\/35857","title":{"rendered":"Etapa Miss Brasil 2011 ser\u00e1 decidida dia 23 de julho"},"content":{"rendered":"<p><img loading=\"lazy\" decoding=\"async\" class=\"alignleft size-full wp-image-27588\" title=\"miss brasil 2010 Debora Lyra de MG\" src=\"https:\/\/migracao.redenoticia.com.br\/noticia\/imagens\/miss-brasil-2010-Debora-Lyra-de-MG.jpg\" alt=\"\" width=\"300\" height=\"193\" srcset=\"https:\/\/migracao.redenoticia.com.br\/noticia\/imagens\/miss-brasil-2010-Debora-Lyra-de-MG.jpg 300w, https:\/\/migracao.redenoticia.com.br\/noticia\/imagens\/miss-brasil-2010-Debora-Lyra-de-MG-250x160.jpg 250w, https:\/\/migracao.redenoticia.com.br\/noticia\/imagens\/miss-brasil-2010-Debora-Lyra-de-MG-150x96.jpg 150w\" sizes=\"auto, (max-width: 300px) 100vw, 300px\" \/>S\u00e3o Paulo &#8211; A agenda que as candidatas ao t\u00edtulo de<strong><\/strong><em><strong> Miss Brasil<\/strong><\/em>, de &#8220;Mulher mais Bonita do Brasil&#8221;, est\u00e3o cumprindo nesta semana anterior \u00e0 decis\u00e3o, s\u00e1bado, \u00e9 extensa, estressante e cansativa. Mas na tarde desta ter\u00e7a-feira, 19 de agosto, por volta das 15 horas, elas far\u00e3o uma pausa r\u00e1pida e deliciosamente diferente. Um programa exclusivo e inesquec\u00edvel. Acompanhadas por Henry Maksoud, dono do Maksoud Plaza, hotel onde est\u00e3o hospedadas em S\u00e3o Paulo, elas ir\u00e3o conhecer o novo heliponto do local.<\/p>\n<p>Dependendo do tempo, de l\u00e1 d\u00e1 para ver at\u00e9 a Serra do Mar e a Serra da Mantiqueira. Nesta sexta, de l\u00e1 de cima, no heliponto, a mais de 90 metros do ch\u00e3o, as misses poder\u00e3o avistar a cidade inteira e apreciar o horizonte. Toda a urbanidade da Avenida Paulista. E perceber porque o Maksoud Plaza \u00e9 um grande marco arquitet\u00f4nico de S\u00e3o Paulo.<\/p>\n<p>Ser\u00e1 certamente uma magn\u00edfica oportunidade para o registro em fotos das 27 candidatas neste 57\u00aa do Miss Brasil, uma edi\u00e7\u00e3o bastante competitiva.<\/p>\n<p>Na sexta passada, tamb\u00e9m no hotel, todas j\u00e1 haviam ficado maravilhadas ao assistir, no Teatro Maksoud, o musical &#8220;Emo\u00e7\u00f5es que o tempo n\u00e3o apaga&#8221;, em cartaz h\u00e1 cinco anos, e que conta a hist\u00f3ria do hotel que ficou famoso no mundo inteiro, e relembra os espet\u00e1culos musicais \u00fanicos que ali ocorreram, como o show de Frank Sinatra, entre dezenas de outros.<\/p>\n<p>Heliponto &#8211; O heliponto \u00e9 uma obra muito especial que dever\u00e1 entrar em opera\u00e7\u00e3o em breve. Mede 441 m2. Sua estrutura tem capacidade para receber at\u00e9 aeronaves do tipo Dauphin, uma das maiores da avia\u00e7\u00e3o civil. No local ser\u00e1 constru\u00eddo um Bar Belvedere, junto \u00e0 plataforma de embarque e com elevador exclusivo para o local.<\/p>\n<p>CONCURSOS DE MISSES, BRASIL E UNIVERSO, PELA PRIMEIRA VEZ NO BRASIL (S\u00c3O PAULO)<\/p>\n<p>A etapa Miss Brasil 2011 ser\u00e1 decidida dia 23 de julho, no Teatro HSBC, em S\u00e3o Paulo, Capital. Em setembro, dia 12, ser\u00e1 a vez da Miss Universo 2011, pela primeira vez na hist\u00f3ria sendo realizado no Brasil, em S\u00e3o Paulo, no Credicard Hall, com a presen\u00e7a de representa\u00e7\u00f5es de mais de 80 pa\u00edses.<\/p>\n<p>As 27 representantes dos Estados e do Distrito Federal, assim como toda a equipe de produ\u00e7\u00e3o e coordena\u00e7\u00e3o do evento ocupam o Maksoud Plaza desde a semana passada. No hotel s\u00e3o feitos todos os ensaios, fotos, entrevistas, testes de cabelos e maquiagem, provas de roupas e sapatos, ensaios, entrevistas e palestras.<\/p>\n<p>MAKSOUD: O LUGAR IDEAL PARA PREPARAR A BELEZA<\/p>\n<p>Tudo no Hotel Maksoud Plaza combina com a beleza, gra\u00e7a e charme das misses. Das instala\u00e7\u00f5es \u00e0s dezenas de obras de arte de alguns dos mais importantes criadores \u00e0s \u00e1reas &#8220;desdobr\u00e1veis&#8221; de eventos, com o conforto e seguran\u00e7a de que necessitam nessa prepara\u00e7\u00e3o para o grande dia da decis\u00e3o. Para eventos de qualquer porte, o hotel oferece dois andares, com 38 op\u00e7\u00f5es de salas e sal\u00f5es, um teatro com 420 lugares, totalizando 5 mil m\u00b2 para atender ao setor de eventos e congressos, entre os que mais crescem na cidade de S\u00e3o Paulo, p\u00f3lo mundial de turismo de neg\u00f3cios. H\u00e1 acesso \u00e0 internet fast-track e WI-FI em todos os pontos, com ampla capacidade e alta velocidade.<\/p>\n<p>Ponto de refer\u00eancia na cidade de S\u00e3o Paulo, o atraente e inesquec\u00edvel lobby com teto solar, elevadores panor\u00e2micos e terra\u00e7os internos, obras de arte espalhadas por todos os locais, o Maksoud Plaza disp\u00f5e de 416 apartamentos, todos recentemente renovados e decorados, revestidos com modernos pisos que combinam eleg\u00e2ncia com propriedades antial\u00e9rgicas. H\u00e1 um completo e dedicado centro gastron\u00f4mico, com quatro restaurantes e cinco bares abertos 24 horas, todos os dias.<\/p>\n","protected":false},"excerpt":{"rendered":"<p>S\u00e3o Paulo &#8211; A agenda que as candidatas ao t\u00edtulo de Miss Brasil, de &#8220;Mulher mais Bonita do Brasil&#8221;, est\u00e3o cumprindo nesta semana anterior \u00e0 decis\u00e3o, s\u00e1bado, \u00e9 extensa, estressante e cansativa. Mas na tarde desta ter\u00e7a-feira, 19 de agosto, por volta das 15 horas, elas far\u00e3o uma pausa r\u00e1pida e deliciosamente diferente. Um programa [&hellip;]<\/p>\n","protected":false},"author":3,"featured_media":27588,"comment_status":"open","ping_status":"closed","sticky":false,"template":"","format":"standard","meta":{"tdm_status":"","tdm_grid_status":"","footnotes":""},"categories":[390,22,343],"tags":[],"class_list":{"0":"post-35857","1":"post","2":"type-post","3":"status-publish","4":"format-standard","5":"has-post-thumbnail","7":"category-band","8":"category-brasil","9":"category-televisao"},"_links":{"self":[{"href":"https:\/\/migracao.redenoticia.com.br\/noticia\/wp-json\/wp\/v2\/posts\/35857","targetHints":{"allow":["GET"]}}],"collection":[{"href":"https:\/\/migracao.redenoticia.com.br\/noticia\/wp-json\/wp\/v2\/posts"}],"about":[{"href":"https:\/\/migracao.redenoticia.com.br\/noticia\/wp-json\/wp\/v2\/types\/post"}],"author":[{"embeddable":true,"href":"https:\/\/migracao.redenoticia.com.br\/noticia\/wp-json\/wp\/v2\/users\/3"}],"replies":[{"embeddable":true,"href":"https:\/\/migracao.redenoticia.com.br\/noticia\/wp-json\/wp\/v2\/comments?post=35857"}],"version-history":[{"count":0,"href":"https:\/\/migracao.redenoticia.com.br\/noticia\/wp-json\/wp\/v2\/posts\/35857\/revisions"}],"wp:featuredmedia":[{"embeddable":true,"href":"https:\/\/migracao.redenoticia.com.br\/noticia\/wp-json\/wp\/v2\/media\/27588"}],"wp:attachment":[{"href":"https:\/\/migracao.redenoticia.com.br\/noticia\/wp-json\/wp\/v2\/media?parent=35857"}],"wp:term":[{"taxonomy":"category","embeddable":true,"href":"https:\/\/migracao.redenoticia.com.br\/noticia\/wp-json\/wp\/v2\/categories?post=35857"},{"taxonomy":"post_tag","embeddable":true,"href":"https:\/\/migracao.redenoticia.com.br\/noticia\/wp-json\/wp\/v2\/tags?post=35857"}],"curies":[{"name":"wp","href":"https:\/\/api.w.org\/{rel}","templated":true}]}}