{"id":35863,"date":"2011-10-12T23:10:06","date_gmt":"2011-10-13T03:10:06","guid":{"rendered":"http:\/\/www.redenoticia.com.br\/noticia\/?p=35863"},"modified":"2011-10-12T23:37:27","modified_gmt":"2011-10-13T03:37:27","slug":"a-fazenda-rede-record-%e2%80%93-expectativa-da-estreia","status":"publish","type":"post","link":"https:\/\/migracao.redenoticia.com.br\/noticia\/2011\/a-fazenda-rede-record-%e2%80%93-expectativa-da-estreia\/35863","title":{"rendered":"A Fazenda Rede Record \u2013 Joana ganha pr\u00eamio de 2 milh\u00f5es de reais"},"content":{"rendered":"<p><em><strong><img loading=\"lazy\" decoding=\"async\" class=\"alignleft size-full wp-image-22058\" title=\"a fazenda rede record aovivo\" src=\"https:\/\/migracao.redenoticia.com.br\/noticia\/imagens\/a-fazenda-rede-record-aovivo.jpg\" alt=\"\" width=\"300\" height=\"193\" srcset=\"https:\/\/migracao.redenoticia.com.br\/noticia\/imagens\/a-fazenda-rede-record-aovivo.jpg 300w, https:\/\/migracao.redenoticia.com.br\/noticia\/imagens\/a-fazenda-rede-record-aovivo-250x161.jpg 250w, https:\/\/migracao.redenoticia.com.br\/noticia\/imagens\/a-fazenda-rede-record-aovivo-150x97.jpg 150w\" sizes=\"auto, (max-width: 300px) 100vw, 300px\" \/>Rede Record<\/strong><\/em> &#8220;<em><strong>A Fazenda<\/strong><\/em>&#8221; 2011 &#8211; 12\/12 &#8211; na noite desta quarta-feira Joana venceu a quarta edi\u00e7\u00e3o de A Fazenda da Rede Record, com 48% dos votos oficiais. Monique ficou em segundo lugar e Raquel em terceiro.<\/p>\n<p>09\/10 &#8211; Raquel, Monique e Joana s\u00e3o as peoas finalistas da quarta edi\u00e7\u00e3o de A Fazenda da Rede Record. A vota\u00e7\u00e3o oficial para definir a vencedora aconteceu no endere\u00e7o\u00a0eletr\u00f4nico\u00a0do programa\u00a0at\u00e9 quarta-feira, 12\/10. Valesca foi eliminada com 46% dos votos oficiais do p\u00fablico. A peoa foi recebida e abra\u00e7ada pela sua m\u00e3e e filho.<\/p>\n<p>06\/10 &#8211; Raquel venceu a \u00faltima prova de classifica\u00e7\u00e3o e se tornou a primeira finalista\u00a0 desta edi\u00e7\u00e3o de A Fazenda da Rede Record. Ela comemorou muito e recebeu os parab\u00e9ns das outras peoas. Monique tamb\u00e9m festejou bastante a conquista da amiga. A vota\u00e7\u00e3o para elimina\u00e7\u00e3o de Monique, Valesca ou Joana acontece no site oficial do programa\u00a0at\u00e9 o pr\u00f3ximo domingo, 09\/10.<\/p>\n<p>05\/10 &#8211; a produ\u00e7\u00e3o do programa divulgou que a grande final desta edi\u00e7\u00e3o de A Fazenda da Rede Record ser\u00e1 na pr\u00f3xima quarta-feira (12).\u00a0Nesta quinta-feira (6), Joana, Monique, Raquel e Valesca disputam o \u00daltimo Desafio.\u00a0Quem vencer garante sua vaga na final do programa. As tr\u00eas perdedoras formam a \u00faltima Ro\u00e7a da temporada e a elimina\u00e7\u00e3o acontecer\u00e1 neste domingo (9).\u00a0Na segunda-feira (10), todos os participantes voltam para a \u00faltima festa do reality show.<\/p>\n<p>04\/10 &#8211; Monique venceu Marlon na d\u00e9cima primeira ro\u00e7a. O pe\u00e3o foi eliminado com 60% dos votos do p\u00fablico. O cantor foi recebido por sua mulher e seu irm\u00e3o. Monique voltou para a sede muito emocionada. O apresentador Britto Jr anunciou que na pr\u00f3xima quinta-feira, 06\/10, as peoas v\u00e3o participar de mais uma prova ao vivo. A vencedora ser\u00e1 a primeira finalista desta edi\u00e7\u00e3o de A Fazenda da Rede Record.<\/p>\n<p>02\/10 &#8211; Marlon e Raquel foram escolhidos pelos pr\u00f3prios pe\u00f5es para participarem da prova semanal. O desafio foi passar um bast\u00e3o por um Labirinto Suspenso, no prazo de sete minutos. Marlon e Raquel n\u00e3o conseguiram cumprir o tempo estipulado da prova e tiveram que decidir na sorte. Raquel encontrou a beterraba premiada e ganhou a imunidade. Marlon perdeu a disputa e foi parar na ro\u00e7a. A fazendeira Valesca indicou Monique para disputar a ro\u00e7a junto com Marlon.\u00a0A pr\u00f3xima elimina\u00e7\u00e3o desta edi\u00e7\u00e3o de A Fazenda, Rede Record, ser\u00e1 na ter\u00e7a-feira, 04\/10.<\/p>\n<p>01\/10 &#8211;\u00a0os pe\u00f5es disputaram partidas de domin\u00f3 em um tabuleiro gigante. A dupla Valesca e Marlon venceu o trio Raquel, Monique e Joana.<\/p>\n<p>01\/10 &#8211; os \u00faltimos cinco pe\u00f5es festejaram a \u00a0perman\u00eancia\u00a0no programa na festa &#8220;Tango&#8221;.\u00a0Logo de in\u00edcio, os concorrentes apreciaram um show com dan\u00e7arinos. \u00a0Card\u00e1pio: Empanada argentina;\u00a0Sandu\u00edche de miga &#8211; (peito de peru com piment\u00e3o; atum com tomate; presunto e queijo; ou provolone defumado);\u00a0 Puchero;\u00a0 bife de chorizo com batata r\u00fastica ao molho chimichurri;\u00a0 pastel de papas (escondidinho de carne com pur\u00ea de batata).\u00a0Doces:\u00a0alfajor de chocolate;\u00a0alfajor de chocolate branco;doce de leite;\u00a0crepe com morango e calda de chocolate.<\/p>\n<p>30\/09 &#8211;\u00a0Valesca, Joana e Marlon participaram de uma prova fora da fazenda.\u00a0Ap\u00f3s a prova Joana anunciou que venceu a disputa e ganhou segundo carro no programa.<\/p>\n<p>30\/09 &#8211; Thiago foi o d\u00e9cimo pe\u00e3o eliminado, com 51% dos votos oficiais. O apresentador Britto Jr informou que a pr\u00f3xima ro\u00e7a ser\u00e1 formada no domingo, 02\/10, ap\u00f3s uma prova onde participar\u00e3o os pe\u00f5es Marlon, Monique, Joana e Raquel. O pe\u00e3o perdedor vai para a ro\u00e7a junto do pe\u00e3o indicado pela fazendeira Valesca. A pr\u00f3xima elimina\u00e7\u00e3o desta edi\u00e7\u00e3o de A Fazenda, Rede Record, ser\u00e1 na ter\u00e7a-feira, 04\/10.<\/p>\n<p>29\/09 &#8211; Marlon ganhou uma viagem para um resort \u00e0s margens do Rio Negro. Ele venceu\u00a0uma prova de quebrar gelo, produzida por um patrocinador.\u00a0Durante a atividade, Marlon se cortou, e recebeu atendimento m\u00e9dico.<\/p>\n<p>28\/09 &#8211; Valesca define responsabilidades de cada pe\u00e3o nesta semana:\u00a0Thiago vai cuidar das vacas e dos porcos;\u00a0Raquel vai cuidar dos lhamas e das cabras;<br \/>\nMonique vai cuidar dos cavalos;\u00a0Marlon vai cuidar da horta e das plantas e dos avestruzes;\u00a0Joana Machado vai cuidar das aves, das ovelhas e do lixo.<\/p>\n<p>27 e 28\/09 &#8211; a \u00faltima prova do fazendeiro foi disputada por Valesca, Raquel e Thiago. Os pe\u00f5es tiveram que montar um quebra-cabe\u00e7a e depois procurar espigas douradas. Valesca encontrou as espigas premiadas antes dos concorrentes e se tornou a \u00faltima fazendeira desta edi\u00e7\u00e3o do programa. A vota\u00e7\u00e3o oficial para eliminar Raquel ou Thiago acontece no site oficial de A Fazenda da Rede Record.<\/p>\n<p>26\/09 &#8211; os pe\u00f5es ganharam um\u00a0show particular da banda CPM 22. No\u00a0 repert\u00f3rio sucessos como Dias Atr\u00e1s, Regina Let&#8217;s Go e N\u00e3o Sei Viver Sem Ter Voc\u00ea. A\u00a0banda se apresentou no campo de provas por aproximadamente uma hora.<\/p>\n<p>Come\u00e7ou na ter\u00e7a-feira, 19\/07, a edi\u00e7\u00e3o 2011 do programa A Fazenda, na Rede Record. Os novos integrantes s\u00e3o: a atriz Anna Markun, Raquel Pacheco, que era conhecida como \u201cBruna Surfistinha\u201d, a boxeadora Duda Yankovich, a personal Joana Machado, as modelos Renata Banhara e Taciane Ribeiro, e a cantora Valesca Popozuda. Na ala masculina o cantor Compadre Washington, o ex-jogador e pol\u00edtico Dinei, o modelo Fran\u00e7ois Teles, o paraquedista Gui P\u00e1dua, o apresentador Jo\u00e3o Kl\u00e9ber, o cantor Marlon, da dupla sertaneja Marlon &amp; Maicon, e o ator Thiago Gagliasso, irm\u00e3o de Bruno. Ap\u00f3s vota\u00e7\u00e3o ao vivo foi decidido que Anna Markun \u00e9 a primeira fazendeira da semana no programa A Fazenda da Rede Record.<\/p>\n<p>A Fazenda \u00e9 a vers\u00e3o brasileira do programa The Farm, sucesso em mais de 40 pa\u00edses e que chega transformado numa superprodu\u00e7\u00e3o de mais de R$ 20 milh\u00f5es na tela da Record. O reality show vai mostrar um lado desconhecido de 15 famosos &#8211; entre atores, cantores, modelos e personalidades da m\u00eddia &#8211; que ter\u00e3o sua habilidade (ou a absoluta falta dela) testada em tarefas t\u00edpicas do meio rural.<\/p>\n","protected":false},"excerpt":{"rendered":"<p>Rede Record &#8220;A Fazenda&#8221; 2011 &#8211; 12\/12 &#8211; na noite desta quarta-feira Joana venceu a quarta edi\u00e7\u00e3o de A Fazenda da Rede Record, com 48% dos votos oficiais. Monique ficou em segundo lugar e Raquel em terceiro. 09\/10 &#8211; Raquel, Monique e Joana s\u00e3o as peoas finalistas da quarta edi\u00e7\u00e3o de A Fazenda da Rede [&hellip;]<\/p>\n","protected":false},"author":3,"featured_media":22058,"comment_status":"open","ping_status":"closed","sticky":false,"template":"","format":"standard","meta":{"tdm_status":"","tdm_grid_status":"","footnotes":""},"categories":[22,371,343],"tags":[],"class_list":{"0":"post-35863","1":"post","2":"type-post","3":"status-publish","4":"format-standard","5":"has-post-thumbnail","7":"category-brasil","8":"category-rede-record","9":"category-televisao"},"_links":{"self":[{"href":"https:\/\/migracao.redenoticia.com.br\/noticia\/wp-json\/wp\/v2\/posts\/35863","targetHints":{"allow":["GET"]}}],"collection":[{"href":"https:\/\/migracao.redenoticia.com.br\/noticia\/wp-json\/wp\/v2\/posts"}],"about":[{"href":"https:\/\/migracao.redenoticia.com.br\/noticia\/wp-json\/wp\/v2\/types\/post"}],"author":[{"embeddable":true,"href":"https:\/\/migracao.redenoticia.com.br\/noticia\/wp-json\/wp\/v2\/users\/3"}],"replies":[{"embeddable":true,"href":"https:\/\/migracao.redenoticia.com.br\/noticia\/wp-json\/wp\/v2\/comments?post=35863"}],"version-history":[{"count":0,"href":"https:\/\/migracao.redenoticia.com.br\/noticia\/wp-json\/wp\/v2\/posts\/35863\/revisions"}],"wp:featuredmedia":[{"embeddable":true,"href":"https:\/\/migracao.redenoticia.com.br\/noticia\/wp-json\/wp\/v2\/media\/22058"}],"wp:attachment":[{"href":"https:\/\/migracao.redenoticia.com.br\/noticia\/wp-json\/wp\/v2\/media?parent=35863"}],"wp:term":[{"taxonomy":"category","embeddable":true,"href":"https:\/\/migracao.redenoticia.com.br\/noticia\/wp-json\/wp\/v2\/categories?post=35863"},{"taxonomy":"post_tag","embeddable":true,"href":"https:\/\/migracao.redenoticia.com.br\/noticia\/wp-json\/wp\/v2\/tags?post=35863"}],"curies":[{"name":"wp","href":"https:\/\/api.w.org\/{rel}","templated":true}]}}