{"id":35868,"date":"2011-07-20T12:24:44","date_gmt":"2011-07-20T16:24:44","guid":{"rendered":"http:\/\/www.redenoticia.com.br\/noticia\/?p=35868"},"modified":"2011-07-20T12:24:44","modified_gmt":"2011-07-20T16:24:44","slug":"torcidas-organizadas-de-sao-paulo-comecam-a-ser-cadastradas-sexta-feira","status":"publish","type":"post","link":"https:\/\/migracao.redenoticia.com.br\/noticia\/2011\/torcidas-organizadas-de-sao-paulo-comecam-a-ser-cadastradas-sexta-feira\/35868","title":{"rendered":"Torcidas organizadas de S\u00e3o Paulo come\u00e7am a ser cadastradas sexta-feira"},"content":{"rendered":"<p>Bras\u00edlia \u2013 As torcidas organizadas de times paulistas ser\u00e3o cadastradas a partir de sexta-feira (22). O estado vai ser o segundo a identificar os integrantes dessas organiza\u00e7\u00f5es. A iniciativa, que faz parte do programa <em><strong>Torcida Legal<\/strong><\/em>, come\u00e7ou pelo Paran\u00e1 no fim de junho. At\u00e9 2012, o governo quer cadastrar 475 torcidas organizadas do pa\u00eds.<\/p>\n<p>O assessor especial de Futebol do Minist\u00e9rio do Esporte, Alcino Rocha, diz que a medida pode ajudar a reduzir a viol\u00eancia dentro e no entorno dos est\u00e1dios. \u201c\u00c9 claro que s\u00f3 o cadastramento n\u00e3o vai resolver, mas \u00e9 um procedimento necess\u00e1rio para que possamos identificar o torcedor que eventualmente se envolva em atos de viol\u00eancia no est\u00e1dio ou nos acessos\u201d, disse Rocha, em entrevista a emissoras de r\u00e1dio durante o programa Brasil em Pauta, da EBC Servi\u00e7os.<\/p>\n<p>Al\u00e9m de repassar informa\u00e7\u00f5es pessoais, os torcedores passar\u00e3o por um cadastro biom\u00e9trico, semelhante ao usado pela Justi\u00e7a Eleitoral.<\/p>\n<p>Segundo Rocha, o pr\u00f3ximo passo dever\u00e1 ser a instala\u00e7\u00e3o de sistemas de identifica\u00e7\u00e3o e frequ\u00eancia dos torcedores nos principais est\u00e1dios do pa\u00eds.<\/p>\n<p>Luana Louren\u00e7o<br \/>\nRep\u00f3rter da Ag\u00eancia Brasil<\/p>\n<p>Edi\u00e7\u00e3o: N\u00e1dia Franco<\/p>\n","protected":false},"excerpt":{"rendered":"<p>Bras\u00edlia \u2013 As torcidas organizadas de times paulistas ser\u00e3o cadastradas a partir de sexta-feira (22). O estado vai ser o segundo a identificar os integrantes dessas organiza\u00e7\u00f5es. A iniciativa, que faz parte do programa Torcida Legal, come\u00e7ou pelo Paran\u00e1 no fim de junho. At\u00e9 2012, o governo quer cadastrar 475 torcidas organizadas do pa\u00eds. O [&hellip;]<\/p>\n","protected":false},"author":3,"featured_media":0,"comment_status":"open","ping_status":"closed","sticky":false,"template":"","format":"standard","meta":{"tdm_status":"","tdm_grid_status":"","footnotes":""},"categories":[22],"tags":[],"class_list":{"0":"post-35868","1":"post","2":"type-post","3":"status-publish","4":"format-standard","6":"category-brasil"},"_links":{"self":[{"href":"https:\/\/migracao.redenoticia.com.br\/noticia\/wp-json\/wp\/v2\/posts\/35868","targetHints":{"allow":["GET"]}}],"collection":[{"href":"https:\/\/migracao.redenoticia.com.br\/noticia\/wp-json\/wp\/v2\/posts"}],"about":[{"href":"https:\/\/migracao.redenoticia.com.br\/noticia\/wp-json\/wp\/v2\/types\/post"}],"author":[{"embeddable":true,"href":"https:\/\/migracao.redenoticia.com.br\/noticia\/wp-json\/wp\/v2\/users\/3"}],"replies":[{"embeddable":true,"href":"https:\/\/migracao.redenoticia.com.br\/noticia\/wp-json\/wp\/v2\/comments?post=35868"}],"version-history":[{"count":0,"href":"https:\/\/migracao.redenoticia.com.br\/noticia\/wp-json\/wp\/v2\/posts\/35868\/revisions"}],"wp:attachment":[{"href":"https:\/\/migracao.redenoticia.com.br\/noticia\/wp-json\/wp\/v2\/media?parent=35868"}],"wp:term":[{"taxonomy":"category","embeddable":true,"href":"https:\/\/migracao.redenoticia.com.br\/noticia\/wp-json\/wp\/v2\/categories?post=35868"},{"taxonomy":"post_tag","embeddable":true,"href":"https:\/\/migracao.redenoticia.com.br\/noticia\/wp-json\/wp\/v2\/tags?post=35868"}],"curies":[{"name":"wp","href":"https:\/\/api.w.org\/{rel}","templated":true}]}}