{"id":35870,"date":"2011-07-20T12:40:13","date_gmt":"2011-07-20T16:40:13","guid":{"rendered":"http:\/\/www.redenoticia.com.br\/noticia\/?p=35870"},"modified":"2011-07-20T12:40:13","modified_gmt":"2011-07-20T16:40:13","slug":"unb-matricula-dos-3-880-aprovados-no-2%c2%ba-vestibular-de-2011","status":"publish","type":"post","link":"https:\/\/migracao.redenoticia.com.br\/noticia\/2011\/unb-matricula-dos-3-880-aprovados-no-2%c2%ba-vestibular-de-2011\/35870","title":{"rendered":"UnB &#8211; matr\u00edcula dos 3.880 aprovados no 2\u00ba Vestibular de 2011"},"content":{"rendered":"<p><img loading=\"lazy\" decoding=\"async\" class=\"alignleft size-full wp-image-34896\" title=\"vestibular\" src=\"https:\/\/migracao.redenoticia.com.br\/noticia\/imagens\/vestibular2.jpg\" alt=\"\" width=\"300\" height=\"193\" srcset=\"https:\/\/migracao.redenoticia.com.br\/noticia\/imagens\/vestibular2.jpg 300w, https:\/\/migracao.redenoticia.com.br\/noticia\/imagens\/vestibular2-250x160.jpg 250w, https:\/\/migracao.redenoticia.com.br\/noticia\/imagens\/vestibular2-150x96.jpg 150w\" sizes=\"auto, (max-width: 300px) 100vw, 300px\" \/>A lista dos <em><strong>aprovados no 2\u00ba Vestibular de 2011 da Universidade de Bras\u00edlia (UnB)<\/strong><\/em> foi divulgada na tarde desta ter\u00e7a-feira (19\/07) no Teatro de Arena da Universidade e nos campi de Ceil\u00e2ndia, Gama e Planaltina. Os nomes dos 3.880 aprovados tamb\u00e9m podem ser conferidos no site <a href=\"http:\/\/www.cespe.unb.br\/vestibular\" target=\"_blank\">www.cespe.unb.br\/vestibular<\/a>.\u00a0O registro dos candidatos selecionados ser\u00e1 realizado entre nos dias 22 e 25 de julho, nos Postos Avan\u00e7ados da Secretaria de Administra\u00e7\u00e3o Acad\u00eamica da UnB. O atendimento para os cursos diurnos ser\u00e1 das 8h30 \u00e0s 11h e das 14h \u00e0s 17h o dos cursos noturnos, das 14h \u00e0s 20h.<\/p>\n<p>Os aprovados devem apresentar c\u00f3pias autenticadas dos seguintes documentos: hist\u00f3rico escolar, certificado de conclus\u00e3o do Ensino M\u00e9dio, CPF, identidade, t\u00edtulo de eleitor, comprovante de vota\u00e7\u00e3o das \u00faltimas elei\u00e7\u00f5es e certificado de reservista ou de alistamento militar, para os homens. Os candidatos selecionados nos cursos que exigem Certifica\u00e7\u00e3o de Habilidade Espec\u00edfica dever\u00e3o apresentar, ainda, o Certificado da Habilita\u00e7\u00e3o Espec\u00edfica ao curso para o qual foi selecionado, dentro do per\u00edodo de validade, emitido pelo Cespe\/UnB.<\/p>\n<p>O vestibular contou com a participa\u00e7\u00e3o de 24.972 candidatos. Destes, 3.824 candidatos disputaram vagas prioritariamente pelo Sistema de Cotas para Negros. Outros 904 candidatos se inscreveram para participar como treineiros e n\u00e3o disputaram as 4.016 vagas abertas em 93 cursos oferecidos em todos os<em>campi<\/em>\u00a0da Universidade. As provas foram realizadas nos dias 11 e 12 de junho no Distrito Federal, al\u00e9m de Formosa (GO), Goi\u00e2nia (GO), Valpara\u00edso (GO) e Uberl\u00e2ndia (MG).<\/p>\n","protected":false},"excerpt":{"rendered":"<p>A lista dos aprovados no 2\u00ba Vestibular de 2011 da Universidade de Bras\u00edlia (UnB) foi divulgada na tarde desta ter\u00e7a-feira (19\/07) no Teatro de Arena da Universidade e nos campi de Ceil\u00e2ndia, Gama e Planaltina. Os nomes dos 3.880 aprovados tamb\u00e9m podem ser conferidos no site www.cespe.unb.br\/vestibular.\u00a0O registro dos candidatos selecionados ser\u00e1 realizado entre nos [&hellip;]<\/p>\n","protected":false},"author":3,"featured_media":34896,"comment_status":"open","ping_status":"closed","sticky":false,"template":"","format":"standard","meta":{"tdm_status":"","tdm_grid_status":"","footnotes":""},"categories":[22,370,295],"tags":[],"class_list":{"0":"post-35870","1":"post","2":"type-post","3":"status-publish","4":"format-standard","5":"has-post-thumbnail","7":"category-brasil","8":"category-inscricao","9":"category-vestibular"},"_links":{"self":[{"href":"https:\/\/migracao.redenoticia.com.br\/noticia\/wp-json\/wp\/v2\/posts\/35870","targetHints":{"allow":["GET"]}}],"collection":[{"href":"https:\/\/migracao.redenoticia.com.br\/noticia\/wp-json\/wp\/v2\/posts"}],"about":[{"href":"https:\/\/migracao.redenoticia.com.br\/noticia\/wp-json\/wp\/v2\/types\/post"}],"author":[{"embeddable":true,"href":"https:\/\/migracao.redenoticia.com.br\/noticia\/wp-json\/wp\/v2\/users\/3"}],"replies":[{"embeddable":true,"href":"https:\/\/migracao.redenoticia.com.br\/noticia\/wp-json\/wp\/v2\/comments?post=35870"}],"version-history":[{"count":0,"href":"https:\/\/migracao.redenoticia.com.br\/noticia\/wp-json\/wp\/v2\/posts\/35870\/revisions"}],"wp:featuredmedia":[{"embeddable":true,"href":"https:\/\/migracao.redenoticia.com.br\/noticia\/wp-json\/wp\/v2\/media\/34896"}],"wp:attachment":[{"href":"https:\/\/migracao.redenoticia.com.br\/noticia\/wp-json\/wp\/v2\/media?parent=35870"}],"wp:term":[{"taxonomy":"category","embeddable":true,"href":"https:\/\/migracao.redenoticia.com.br\/noticia\/wp-json\/wp\/v2\/categories?post=35870"},{"taxonomy":"post_tag","embeddable":true,"href":"https:\/\/migracao.redenoticia.com.br\/noticia\/wp-json\/wp\/v2\/tags?post=35870"}],"curies":[{"name":"wp","href":"https:\/\/api.w.org\/{rel}","templated":true}]}}