{"id":35873,"date":"2011-07-23T13:00:09","date_gmt":"2011-07-23T17:00:09","guid":{"rendered":"http:\/\/www.redenoticia.com.br\/noticia\/?p=35873"},"modified":"2011-07-24T14:55:56","modified_gmt":"2011-07-24T18:55:56","slug":"band-transmite-miss-brasil-2011-pela-tv-e-internet","status":"publish","type":"post","link":"https:\/\/migracao.redenoticia.com.br\/noticia\/2011\/band-transmite-miss-brasil-2011-pela-tv-e-internet\/35873","title":{"rendered":"Priscila Machado vence o Miss Brasil 2011"},"content":{"rendered":"<p><img loading=\"lazy\" decoding=\"async\" class=\"alignleft size-full wp-image-35937\" title=\"miss-brasil-priscila-machado-rs-band-divulgacao-do-traje-tipico\" src=\"https:\/\/migracao.redenoticia.com.br\/noticia\/imagens\/miss-brasil-priscila-machado-rs-band-divulgacao-do-traje-tipico.jpg\" alt=\"\" width=\"300\" height=\"193\" srcset=\"https:\/\/migracao.redenoticia.com.br\/noticia\/imagens\/miss-brasil-priscila-machado-rs-band-divulgacao-do-traje-tipico.jpg 300w, https:\/\/migracao.redenoticia.com.br\/noticia\/imagens\/miss-brasil-priscila-machado-rs-band-divulgacao-do-traje-tipico-250x161.jpg 250w, https:\/\/migracao.redenoticia.com.br\/noticia\/imagens\/miss-brasil-priscila-machado-rs-band-divulgacao-do-traje-tipico-150x97.jpg 150w\" sizes=\"auto, (max-width: 300px) 100vw, 300px\" \/>Miss Brasil 2011 &#8211; a \u00a0Miss RS, <em><strong>Priscila Machado<\/strong><\/em>, representante da cidade de Farroupilha, venceu a 57\u00aa edi\u00e7\u00e3o do<em><strong> Miss Brasil<\/strong><\/em> com eleg\u00e2ncia, glamour e muita beleza, apresentado na tela da Band neste s\u00e1bado, dia 23 de julho. A faixa, o manto e a coroa foram entregue pela Miss Brasil 2010 D\u00e9bora Lyra, muito emocionada. O segundo lugar no concurso de beleza foi ocupado por Gabriella Rocha , 21 anos, representante da Bahia. Na terceira coloca\u00e7\u00e3o ficou com a Miss Acre, aniele Knidel, de 21 anos. A transmiss\u00e3o aconteceu\u00a0ao vivo\u00a0com exclusividade pela nona vez consecutiva. Direto do HSBC Brasil, em S\u00e3o Paulo, dez c\u00e2meras em HD proporcionaram um verdadeiro show ao telespectador. A mulher brasileira \u00e9 bonita por natureza e n\u00f3s temos que aplaudi-la de p\u00e9\u201d, defendeu a apresentadora Adriane Galisteu, que ancorou o evento acompanhada da ex-Miss Brasil Nayla Micherif.<\/p>\n<p>Depois de exibir os concursos regionais de Minas Gerais, S\u00e3o Paulo e Rio de Janeiro, a Band se voltou para a etapa nacional, cuja import\u00e2ncia em 2011 \u00e9 ainda maior. Foi eleita a nossa representante no Miss Universo, que chega \u00e0 60\u00aa edi\u00e7\u00e3o e acontece no Brasil pela primeira vez no pr\u00f3ximo dia 12 de setembro, tamb\u00e9m com transmiss\u00e3o exclusiva da Band. K\u00e1tia Gardin, diretora de eventos da Band, comenta que as misses vieram mais preparadas neste ano: \u201cCom a expectativa do Miss Universo no Brasil, as etapas regionais foram mais exigentes. Temos meninas quase prontas para uma disputa; muitas delas falam mais de uma l\u00edngua\u201d.<\/p>\n<p>As duas semanas que antecederam o concurso foram de muitos compromissos para as misses. Concentradas em um hotel na regi\u00e3o da Avenida Paulista, elas se dividiram entre constantes ensaios, palestras e testes de figurino.<\/p>\n<p>Core\u00f3grafo de filmes como \u201cMiss Simpatia\u201d e \u201cDi\u00e1rio da Princesa\u201d, o americano Scott Grossman foi o respons\u00e1vel pelo Miss Brasil 2011. Desde 1987, tamb\u00e9m assina as coreografias do Miss Universo. \u201cA naturalidade faz a mulher brasileira mais bela. Ela simplesmente \u00e9, n\u00e3o precisa se moldar\u201d, comenta.<\/p>\n<p>Informa\u00e7\u00f5es sobre as candidatas:<\/p>\n<p>ACRE<br \/>\nDanielle Knidel<br \/>\nIdade: 21 anos<br \/>\nProfiss\u00e3o: Modelo<br \/>\nMunic\u00edpio: Porto Acre<br \/>\nCurso: Odontologia<\/p>\n<p>ALAGOAS<br \/>\nSt\u00e9fanie Carvalho<br \/>\nIdade: 22 anos<br \/>\nProfiss\u00e3o: Enfermeira<br \/>\nMunic\u00edpio: Piranhas<\/p>\n<p>AMAP\u00c1<br \/>\nJosiene Modesto<br \/>\nIdade: 25 anos<br \/>\nProfiss\u00e3o: Pedagoga<br \/>\nMunic\u00edpio: Pracu\u00faba<\/p>\n<p>AMAZONAS<br \/>\nTammy Cavalcante<br \/>\nIdade: 23 anos<br \/>\nProfiss\u00e3o: Administradora e Cientista social<br \/>\nMunic\u00edpio: Manaus<br \/>\nCurso: MBA em Gest\u00e3o Ambiental<\/p>\n<p>BAHIA<br \/>\nGabriella Rocha<br \/>\nIdade: 21 anos<br \/>\nProfiss\u00e3o: modelo<br \/>\nMunic\u00edpio: Sim\u00f5es Filho<br \/>\nCurso: Publicidade e Propaganda<\/p>\n<p>CEAR\u00c1<br \/>\nAnast\u00e1cia Duarte<br \/>\nIdade: 22 anos<br \/>\nProfiss\u00e3o: modelo<br \/>\nMunic\u00edpio: Fortaleza<br \/>\nCurso: Publicidade e Propaganda<\/p>\n<p>DISTRITO FEDERAL<br \/>\nAlessandra Baldini<br \/>\nIdade: 24 anos<br \/>\nProfiss\u00e3o: Advogada<br \/>\nMunic\u00edpio: Cruzeiro<br \/>\nCurso: P\u00f3s Gradua\u00e7\u00e3o em Ordem Jur\u00eddica e Minist\u00e9rio P\u00fablico<\/p>\n<p>ESP\u00cdRITO SANTO<br \/>\nMarcela Granato<br \/>\nIdade: 21 anos<br \/>\nMunic\u00edpio: Vit\u00f3ria<br \/>\nCurso: Ci\u00eancias Cont\u00e1beis<\/p>\n<p>GOI\u00c1S<br \/>\nWiviany Oliveira<br \/>\nIdade: 25 anos<br \/>\nProfiss\u00e3o: Modelo<br \/>\nMunic\u00edpio: Goianira<\/p>\n<p>MARANH\u00c3O<br \/>\nNayanne Ferres<br \/>\nIdade: 19 anos<br \/>\nProfiss\u00e3o: modelo<br \/>\nMunic\u00edpio: S\u00e3o Lu\u00eds<br \/>\nCurso: Jornalismo<\/p>\n<p>MATO GROSSO<br \/>\nJ\u00e9ssica Duarte<br \/>\nIdade: 20 anos<br \/>\nProfiss\u00e3o: Modelo<br \/>\nMunic\u00edpio: Rondon\u00f3polis MATO GROSSO DO SUL<br \/>\nRaiza Vidal<br \/>\nIdade: 22 anos<br \/>\nProfiss\u00e3o: Modelo<br \/>\nMunic\u00edpio: Ivinhema<br \/>\nCurso: Psicologia<\/p>\n<p>MINAS GERAIS<br \/>\nIzabela Drumond<br \/>\nIdade: 24 anos<br \/>\nProfiss\u00e3o: Jornalista, p\u00f3s-graduada em Comunica\u00e7\u00e3o Social<br \/>\nMunic\u00edpio: Belo Horizonte<br \/>\nCurso: Direito<\/p>\n<p>PAR\u00c1<br \/>\nAna Paula Padilha<br \/>\nIdade: 19 anos<br \/>\nProfiss\u00e3o: estudante<br \/>\nMunic\u00edpio: Castanhal<\/p>\n<p>PARA\u00cdBA<br \/>\nPriscilla Durand<br \/>\nIdade: 21 anos<br \/>\nProfiss\u00e3o: estudante<br \/>\nMunic\u00edpio: Conde<br \/>\nCurso: engenharia mec\u00e2nica<\/p>\n<p>PARAN\u00c1<br \/>\nGabriela Pereira<br \/>\nIdade: 21 anos<br \/>\nProfiss\u00e3o: Modelo<br \/>\nMunic\u00edpio: Umuarama<br \/>\nCurso: Psicologia<\/p>\n<p>PERNAMBUCO<br \/>\nLeidyane Vasconcelos<br \/>\nIdade: 21 anos<br \/>\nProfiss\u00e3o: estudante<br \/>\nMunic\u00edpio: Santa Cruz do Capibaribe<br \/>\nCurso: Administra\u00e7\u00e3o<\/p>\n<p>PIAU\u00cd<br \/>\nRenata Lustosa<br \/>\nIdade: 22 anos<br \/>\nProfiss\u00e3o: estudante<br \/>\nMunic\u00edpio: Campo Maior<br \/>\nCurso: Administra\u00e7\u00e3o<\/p>\n<p>RIO DE JANEIRO<br \/>\nMariana Figueiredo<br \/>\nIdade: 24 anos<br \/>\nMunic\u00edpio: Teres\u00f3polis<br \/>\nCurso: Letras<\/p>\n<p>RIO GRANDE DO NORTE<br \/>\nDaliane Menezes<br \/>\nIdade: 22 anos<br \/>\nProfiss\u00e3o: Jornalista<br \/>\nMunic\u00edpio: Parnamirim<\/p>\n<p>RIO GRANDE DO SUL<br \/>\nPriscila Machado<br \/>\nIdade: 25 anos<br \/>\nProfiss\u00e3o: modelo<br \/>\nMunic\u00edpio: Farroupilha<br \/>\nCurso: Jornalismo<\/p>\n<p>ROND\u00d4NIA<br \/>\nAline Cabral<br \/>\nIdade: 19 anos<br \/>\nProfiss\u00e3o: estudante<br \/>\nMunic\u00edpio: Ji-Paran\u00e1<br \/>\nCurso: Psicologia<\/p>\n<p>RORAIMA<br \/>\nNel Anne Rodrigues<br \/>\nIdade: 19 anos<br \/>\nMunic\u00edpio: Boa Vista<br \/>\nCurso: Direito<\/p>\n<p>SANTA CATARINA<br \/>\nMichelly Bohnen<br \/>\nIdade: 21 anos<br \/>\nProfiss\u00e3o: estudante<br \/>\nMunic\u00edpio: Blumenau<br \/>\nCurso: Nutri\u00e7\u00e3o<\/p>\n<p>S\u00c3O PAULO<br \/>\nRafaela Butareli<br \/>\nIdade: 22 anos<br \/>\nProfiss\u00e3o: Estudante<br \/>\nMunic\u00edpio: Mar\u00edlia<br \/>\nCurso: Enfermagem SERGIPE<br \/>\nDanielle Paes<br \/>\nIdade: 19 anos<br \/>\nProfiss\u00e3o: Estudante<br \/>\nMunic\u00edpio: Aracaju<br \/>\nCurso: Direito<\/p>\n<p>TOCANTINS<br \/>\nJaqueline Verrel<br \/>\nIdade: 19 anos<br \/>\nProfiss\u00e3o: Modelo<br \/>\nMunic\u00edpio: Porto Nacional<br \/>\nCurso: Administra\u00e7\u00e3o<\/p>\n","protected":false},"excerpt":{"rendered":"<p>Miss Brasil 2011 &#8211; a \u00a0Miss RS, Priscila Machado, representante da cidade de Farroupilha, venceu a 57\u00aa edi\u00e7\u00e3o do Miss Brasil com eleg\u00e2ncia, glamour e muita beleza, apresentado na tela da Band neste s\u00e1bado, dia 23 de julho. A faixa, o manto e a coroa foram entregue pela Miss Brasil 2010 D\u00e9bora Lyra, muito emocionada. [&hellip;]<\/p>\n","protected":false},"author":3,"featured_media":35937,"comment_status":"open","ping_status":"closed","sticky":false,"template":"","format":"standard","meta":{"tdm_status":"","tdm_grid_status":"","footnotes":""},"categories":[390,22,343],"tags":[],"class_list":{"0":"post-35873","1":"post","2":"type-post","3":"status-publish","4":"format-standard","5":"has-post-thumbnail","7":"category-band","8":"category-brasil","9":"category-televisao"},"_links":{"self":[{"href":"https:\/\/migracao.redenoticia.com.br\/noticia\/wp-json\/wp\/v2\/posts\/35873","targetHints":{"allow":["GET"]}}],"collection":[{"href":"https:\/\/migracao.redenoticia.com.br\/noticia\/wp-json\/wp\/v2\/posts"}],"about":[{"href":"https:\/\/migracao.redenoticia.com.br\/noticia\/wp-json\/wp\/v2\/types\/post"}],"author":[{"embeddable":true,"href":"https:\/\/migracao.redenoticia.com.br\/noticia\/wp-json\/wp\/v2\/users\/3"}],"replies":[{"embeddable":true,"href":"https:\/\/migracao.redenoticia.com.br\/noticia\/wp-json\/wp\/v2\/comments?post=35873"}],"version-history":[{"count":0,"href":"https:\/\/migracao.redenoticia.com.br\/noticia\/wp-json\/wp\/v2\/posts\/35873\/revisions"}],"wp:featuredmedia":[{"embeddable":true,"href":"https:\/\/migracao.redenoticia.com.br\/noticia\/wp-json\/wp\/v2\/media\/35937"}],"wp:attachment":[{"href":"https:\/\/migracao.redenoticia.com.br\/noticia\/wp-json\/wp\/v2\/media?parent=35873"}],"wp:term":[{"taxonomy":"category","embeddable":true,"href":"https:\/\/migracao.redenoticia.com.br\/noticia\/wp-json\/wp\/v2\/categories?post=35873"},{"taxonomy":"post_tag","embeddable":true,"href":"https:\/\/migracao.redenoticia.com.br\/noticia\/wp-json\/wp\/v2\/tags?post=35873"}],"curies":[{"name":"wp","href":"https:\/\/api.w.org\/{rel}","templated":true}]}}