{"id":35875,"date":"2011-07-20T17:50:24","date_gmt":"2011-07-20T21:50:24","guid":{"rendered":"http:\/\/www.redenoticia.com.br\/noticia\/?p=35875"},"modified":"2011-07-21T12:13:22","modified_gmt":"2011-07-21T16:13:22","slug":"meteorologia-%e2%80%93-previsao-do-tempo-para-quinta-feira-2107","status":"publish","type":"post","link":"https:\/\/migracao.redenoticia.com.br\/noticia\/2011\/meteorologia-%e2%80%93-previsao-do-tempo-para-quinta-feira-2107\/35875","title":{"rendered":"Meteorologia \u2013 previs\u00e3o do tempo para quinta-feira (21\/07)"},"content":{"rendered":"<p><img loading=\"lazy\" decoding=\"async\" class=\"alignleft size-full wp-image-28409\" title=\"previsao do tempo e temperatura\" src=\"https:\/\/migracao.redenoticia.com.br\/noticia\/imagens\/previsao-do-tempo-e-temperatura.jpg\" alt=\"\" width=\"300\" height=\"193\" srcset=\"https:\/\/migracao.redenoticia.com.br\/noticia\/imagens\/previsao-do-tempo-e-temperatura.jpg 300w, https:\/\/migracao.redenoticia.com.br\/noticia\/imagens\/previsao-do-tempo-e-temperatura-250x160.jpg 250w, https:\/\/migracao.redenoticia.com.br\/noticia\/imagens\/previsao-do-tempo-e-temperatura-150x96.jpg 150w\" sizes=\"auto, (max-width: 300px) 100vw, 300px\" \/>Previs\u00e3o do tempo \u2013a\u00a0<strong><em>meteorologia<\/em><\/strong>\u00a0divulgou a\u00a0<strong><em>previs\u00e3o do tempo<\/em><\/strong>\u00a0e\u00a0<strong><em>temperatura<\/em><\/strong>\u00a0para quinta-feira (21\/07) e informa que a frente fria avan\u00e7ar\u00e1 pelo interior do pa\u00eds e deixar\u00e1 o tempo nublado com fortes pancadas de chuva entre o norte do RS e o oeste de MS. Segundo a previs\u00e3o do tempo no leste da Regi\u00e3o Sul o dia ficar\u00e1 nublado com chuva a qualquer momento. No litoral da BA o tempo ficar\u00e1 inst\u00e1vel com sol entre nuvens e chuva a qualquer hora. Na faixa norte do pa\u00eds haver\u00e1 nebulosidade vari\u00e1vel e pancadas de chuva isoladas. No interior do Nordeste o sol aparecer\u00e1 entre nebulosidade vari\u00e1vel. Dados da previs\u00e3o do tempo indicam que no oeste do RS haver\u00e1 chuva pela manh\u00e3, melhorando ao longo do dia. Nas demais \u00e1reas do Brasil o sol predominar\u00e1. A previs\u00e3o do tempo destaca que a umidade relativa do ar estar\u00e1 baixa em grande parte do interior do pa\u00eds. Temperaturas amenas no sul do pa\u00eds.<\/p>\n<p>Vale do Para\u00edba \u2013 previs\u00e3o do tempo em 21\/07\/2011:o dia ter\u00e1 sol e possibilidade de pancadas de chuva na regi\u00e3o. As temperaturas estar\u00e3o est\u00e1veis.<\/p>\n<p>Regi\u00e3o Centro-Oeste \u2013 previs\u00e3o do tempo em 21\/07\/2011: No centro-sul de MS: sol entre nuvens e pancadas de chuva. No nor5te do MS: sol e poucas nuvens. No demais \u00e1reas: predom\u00ednio de sol. Temperaturas est\u00e1veis. Temperatura m\u00e1xima: 37C no noroeste de MT. Temperatura m\u00ednima: 16C no DF.<\/p>\n<p>Regi\u00e3o Nordeste \u2013 previs\u00e3o do tempo em 21\/07\/2011: No norte da Regi\u00e3o: sol entre nuvens e pancadas de chuva. No interior do PE, PB, RN, SE e AL: sol entre nuvens e possibilidade de chuva. No litoral da BA: tempo inst\u00e1vel com chuva a qualquer hora. No leste da BA: c\u00e9u nublado. Nas demais \u00e1reas: sol entre poucas nuvens. Temperaturas est\u00e1veis.<\/p>\n<p>Regi\u00e3o Norte \u2013 previs\u00e3o do tempo em 21\/07\/2011: Na faixa norte: sol entre nuvens e pancadas de chuva. Nas demais \u00e1reas: sol entre poucas nuvens. Temperaturas est\u00e1veis. Temperatura m\u00e1xima: 37C no leste do AM. Temperatura m\u00ednima: 13C no noroeste de RR.<\/p>\n<p>Regi\u00e3o Sudeste \u2013 previs\u00e3o do tempo em 21\/07\/2011: No norte de SP e oeste de MG: predom\u00ednio de sol. No leste de MG e centro-norte do ES: sol e varia\u00e7\u00e3o de nuvens. No nordeste de MG: dia nublado. No extremo sul e extremo sudoeste de SP: nebulosidade vari\u00e1vel e pancadas de chuva isoladas. Temperaturas est\u00e1veis. Temperatura m\u00e1xima: 32C no Tri\u00e2ngulo Mineiro. Temperatura m\u00ednima: 11C nas \u00e1reas mais altas do sul de MG.<\/p>\n<p>Regi\u00e3o Sul \u2013 previs\u00e3o do tempo em 21\/07\/2011: No sudeste do RS: sol com varia\u00e7\u00e3o de nuvens. No litoral entre o centro-norte do RS e o PR: muitas nuvens e chuva. Na demais \u00e1reas sol entre nuvens e pancadas de chuva. Temperaturas est\u00e1veis. Temperatura m\u00e1xima: 26C no norte do PR. Temperatura m\u00ednima: 9C nas \u00e1reas de serra do RS e de SC.<\/p>\n<p>Previs\u00e3o do tempo e temperatura CPTEC<\/p>\n","protected":false},"excerpt":{"rendered":"<p>Previs\u00e3o do tempo \u2013a\u00a0meteorologia\u00a0divulgou a\u00a0previs\u00e3o do tempo\u00a0e\u00a0temperatura\u00a0para quinta-feira (21\/07) e informa que a frente fria avan\u00e7ar\u00e1 pelo interior do pa\u00eds e deixar\u00e1 o tempo nublado com fortes pancadas de chuva entre o norte do RS e o oeste de MS. Segundo a previs\u00e3o do tempo no leste da Regi\u00e3o Sul o dia ficar\u00e1 nublado com [&hellip;]<\/p>\n","protected":false},"author":3,"featured_media":28409,"comment_status":"open","ping_status":"closed","sticky":false,"template":"","format":"standard","meta":{"tdm_status":"","tdm_grid_status":"","footnotes":""},"categories":[22],"tags":[],"class_list":{"0":"post-35875","1":"post","2":"type-post","3":"status-publish","4":"format-standard","5":"has-post-thumbnail","7":"category-brasil"},"_links":{"self":[{"href":"https:\/\/migracao.redenoticia.com.br\/noticia\/wp-json\/wp\/v2\/posts\/35875","targetHints":{"allow":["GET"]}}],"collection":[{"href":"https:\/\/migracao.redenoticia.com.br\/noticia\/wp-json\/wp\/v2\/posts"}],"about":[{"href":"https:\/\/migracao.redenoticia.com.br\/noticia\/wp-json\/wp\/v2\/types\/post"}],"author":[{"embeddable":true,"href":"https:\/\/migracao.redenoticia.com.br\/noticia\/wp-json\/wp\/v2\/users\/3"}],"replies":[{"embeddable":true,"href":"https:\/\/migracao.redenoticia.com.br\/noticia\/wp-json\/wp\/v2\/comments?post=35875"}],"version-history":[{"count":0,"href":"https:\/\/migracao.redenoticia.com.br\/noticia\/wp-json\/wp\/v2\/posts\/35875\/revisions"}],"wp:featuredmedia":[{"embeddable":true,"href":"https:\/\/migracao.redenoticia.com.br\/noticia\/wp-json\/wp\/v2\/media\/28409"}],"wp:attachment":[{"href":"https:\/\/migracao.redenoticia.com.br\/noticia\/wp-json\/wp\/v2\/media?parent=35875"}],"wp:term":[{"taxonomy":"category","embeddable":true,"href":"https:\/\/migracao.redenoticia.com.br\/noticia\/wp-json\/wp\/v2\/categories?post=35875"},{"taxonomy":"post_tag","embeddable":true,"href":"https:\/\/migracao.redenoticia.com.br\/noticia\/wp-json\/wp\/v2\/tags?post=35875"}],"curies":[{"name":"wp","href":"https:\/\/api.w.org\/{rel}","templated":true}]}}