{"id":35886,"date":"2011-07-21T17:41:55","date_gmt":"2011-07-21T21:41:55","guid":{"rendered":"http:\/\/www.redenoticia.com.br\/noticia\/?p=35886"},"modified":"2011-07-22T11:36:07","modified_gmt":"2011-07-22T15:36:07","slug":"meteorologia-%e2%80%93-previsao-do-tempo-para-esta-sexta-feira-2207","status":"publish","type":"post","link":"https:\/\/migracao.redenoticia.com.br\/noticia\/2011\/meteorologia-%e2%80%93-previsao-do-tempo-para-esta-sexta-feira-2207\/35886","title":{"rendered":"Meteorologia \u2013 previs\u00e3o do tempo para esta sexta-feira 22\/07"},"content":{"rendered":"<p><img loading=\"lazy\" decoding=\"async\" class=\"alignleft size-full wp-image-28410\" title=\"previsao do tempo temperatura\" src=\"https:\/\/migracao.redenoticia.com.br\/noticia\/imagens\/previsao-do-tempo-temperatura.jpg\" alt=\"\" width=\"300\" height=\"193\" srcset=\"https:\/\/migracao.redenoticia.com.br\/noticia\/imagens\/previsao-do-tempo-temperatura.jpg 300w, https:\/\/migracao.redenoticia.com.br\/noticia\/imagens\/previsao-do-tempo-temperatura-250x160.jpg 250w, https:\/\/migracao.redenoticia.com.br\/noticia\/imagens\/previsao-do-tempo-temperatura-150x96.jpg 150w\" sizes=\"auto, (max-width: 300px) 100vw, 300px\" \/>Previs\u00e3o do tempo\u00a0\u2013 a\u00a0<strong><em>meteorologia<\/em><\/strong>\u00a0divulgou a <strong><em>previs\u00e3o do tempo<\/em><\/strong> e\u00a0<strong><em>temperatura<\/em><\/strong>\u00a0para na sexta-feira (22\/07) e informa que ainda haver\u00e1 pancadas de chuva isoladas em toda a faixa norte do Brasil e entre MS, oeste de SP e norte do PR. Segundo a previs\u00e3o do tempo o tempo ficar\u00e1 inst\u00e1vel no litoral da BA, SE e PB. No litoral do PR, centro leste de SP haver\u00e1 muitas nuvens e chuva. Dados da previs\u00e3o do tempo indicam que no leste do PR e de SC dia ter\u00e1 chuva isolada. O sol aparecer\u00e1 entre nebulosidade vari\u00e1vel no interior do Nordeste. A previs\u00e3o do tempo destaca que o dia ser\u00e1 de sol nas demais \u00e1reas do pa\u00eds. Haver\u00e1 condi\u00e7\u00e3o para forma\u00e7\u00e3o de geada no RS, oeste de SC e PR. As temperaturas baixas no RS e em SC.<\/p>\n<p>Vale do Para\u00edba \u2013 previs\u00e3o do tempo na sexta-feira (22\/07) o dia ter\u00e1 c\u00e9u nublado e chuva isolada no Vale a partir da tarde. No Litoral Norte haver\u00e1 chuva a qualquer hora. A temperatura m\u00e1xima ter\u00e1 um pequeno decl\u00ednio.<\/p>\n<p>Regi\u00e3o Centro-Oeste \u2013 previs\u00e3o do tempo em\u00a022\/07\/2011:\u00a0No extremo nordeste do MS, no sul de GO e sudoeste do MT: sol e varia\u00e7\u00e3o de nuvens. Nas demais \u00e1reas do MS: nublado com pancadas de chuva. Nas demais \u00e1reas: predom\u00ednio de sol. A umidade relativa estar\u00e1 baixa a tarde entre o norte e leste do MT, em GO e no DF. Temperaturas est\u00e1veis. Temperatura m\u00e1xima: 36C no noroeste de MT. Temperatura m\u00ednima: 11C no sul do MS.<\/p>\n<p>Regi\u00e3o Nordeste \u2013 previs\u00e3o do tempo em\u00a022\/07\/2011:\u00a0Do litoral da PB ao norte do MA: sol entre nuvens e pancadas de chuva a qualquer hora. No litoral norte da BA, litoral do SE e litoral de AL: tempo inst\u00e1vel. No litoral sul da BA: pancadas de chuva pela manh\u00e3, melhorando ao longo do dia. No oeste da BA, sul do MA e sudoeste do PI: predom\u00ednio de sol. Nas demais \u00e1reas: sol com varia\u00e7\u00e3o de nebulosidade. Temperaturas est\u00e1veis. Temperatura m\u00e1xima: 34C no oeste do MA. Temperatura m\u00ednima: 13C no oeste da BA.<\/p>\n<p>Regi\u00e3o Norte \u2013 previs\u00e3o do tempo em\u00a022\/07\/2011:\u00a0No sul do PA, sudeste do AM e no TO: predom\u00ednio de sol. No norte do PA, norte e oeste do AM, no AP e em RR: nebulosidade vari\u00e1vel e pancadas de chuva vari\u00e1vel. No AC: nublado com possibilidade de chuva. Nas demais \u00e1reas da regi\u00e3o: sol e varia\u00e7\u00e3o de nuvens. Temperaturas est\u00e1veis. Temperatura m\u00e1xima: 37C no leste do AM. Temperatura m\u00ednima: 14C no sudeste de RR.<\/p>\n<p>Regi\u00e3o Sudeste \u2013 previs\u00e3o do tempo em\u00a022\/07\/2011:\u00a0No nordeste de MG e no ES: sol entre varia\u00e7\u00e3o de nuvens. No centro-sudoeste de e litoral de SP: muitas nuvens e chuva a qualquer momento. No leste de SP e oeste do RJ: muitas nuvens e chuva a partir da tarde. No sul de MG: possibilidade de chuva a tarde. No norte de SP e no Tri\u00e2ngulo Mineiro. Nas demais \u00e1reas da Regi\u00e3o: predom\u00ednio de sol. Temperaturas amenas no sul de SP. Temperatura m\u00e1xima: 32C no Tri\u00e2ngulo Mineiro. Temperatura m\u00ednima: 9C nas \u00e1reas mais altas do sul de MG.<\/p>\n<p>Regi\u00e3o Sul \u2013 previs\u00e3o do tempo em\u00a022\/07\/2011:\u00a0No noroeste do PR: nublado com pancadas de chuva. No nordeste e litoral do PR: muitas nuvens e chuva. No sudeste do PR, leste de SC e nordeste do RS: muitas nuvens e chuva isolada. Nas demais \u00e1reas do RS, oeste de SC e sudoeste do PR: predom\u00ednio de sol. Na demais \u00e1reas: dia nublado. No sul do RS haver\u00e1 condi\u00e7\u00e3o de forma\u00e7\u00e3o de geada. Temperaturas baixas. Temperatura m\u00e1xima: 20C no norte do PR. Temperatura m\u00ednima: 1C no sul do RS.<\/p>\n<p>Previs\u00e3o do tempo e temperatura CPTEC<\/p>\n","protected":false},"excerpt":{"rendered":"<p>Previs\u00e3o do tempo\u00a0\u2013 a\u00a0meteorologia\u00a0divulgou a previs\u00e3o do tempo e\u00a0temperatura\u00a0para na sexta-feira (22\/07) e informa que ainda haver\u00e1 pancadas de chuva isoladas em toda a faixa norte do Brasil e entre MS, oeste de SP e norte do PR. Segundo a previs\u00e3o do tempo o tempo ficar\u00e1 inst\u00e1vel no litoral da BA, SE e PB. No [&hellip;]<\/p>\n","protected":false},"author":3,"featured_media":28410,"comment_status":"open","ping_status":"closed","sticky":false,"template":"","format":"standard","meta":{"tdm_status":"","tdm_grid_status":"","footnotes":""},"categories":[22],"tags":[],"class_list":{"0":"post-35886","1":"post","2":"type-post","3":"status-publish","4":"format-standard","5":"has-post-thumbnail","7":"category-brasil"},"_links":{"self":[{"href":"https:\/\/migracao.redenoticia.com.br\/noticia\/wp-json\/wp\/v2\/posts\/35886","targetHints":{"allow":["GET"]}}],"collection":[{"href":"https:\/\/migracao.redenoticia.com.br\/noticia\/wp-json\/wp\/v2\/posts"}],"about":[{"href":"https:\/\/migracao.redenoticia.com.br\/noticia\/wp-json\/wp\/v2\/types\/post"}],"author":[{"embeddable":true,"href":"https:\/\/migracao.redenoticia.com.br\/noticia\/wp-json\/wp\/v2\/users\/3"}],"replies":[{"embeddable":true,"href":"https:\/\/migracao.redenoticia.com.br\/noticia\/wp-json\/wp\/v2\/comments?post=35886"}],"version-history":[{"count":0,"href":"https:\/\/migracao.redenoticia.com.br\/noticia\/wp-json\/wp\/v2\/posts\/35886\/revisions"}],"wp:featuredmedia":[{"embeddable":true,"href":"https:\/\/migracao.redenoticia.com.br\/noticia\/wp-json\/wp\/v2\/media\/28410"}],"wp:attachment":[{"href":"https:\/\/migracao.redenoticia.com.br\/noticia\/wp-json\/wp\/v2\/media?parent=35886"}],"wp:term":[{"taxonomy":"category","embeddable":true,"href":"https:\/\/migracao.redenoticia.com.br\/noticia\/wp-json\/wp\/v2\/categories?post=35886"},{"taxonomy":"post_tag","embeddable":true,"href":"https:\/\/migracao.redenoticia.com.br\/noticia\/wp-json\/wp\/v2\/tags?post=35886"}],"curies":[{"name":"wp","href":"https:\/\/api.w.org\/{rel}","templated":true}]}}