{"id":35891,"date":"2011-07-21T15:19:52","date_gmt":"2011-07-21T19:19:52","guid":{"rendered":"http:\/\/www.redenoticia.com.br\/noticia\/?p=35891"},"modified":"2011-07-21T15:20:22","modified_gmt":"2011-07-21T19:20:22","slug":"unifesp-isencao-de-pagamento-da-taxa-de-inscricao-do-vestibular-2012","status":"publish","type":"post","link":"https:\/\/migracao.redenoticia.com.br\/noticia\/2011\/unifesp-isencao-de-pagamento-da-taxa-de-inscricao-do-vestibular-2012\/35891","title":{"rendered":"Unifesp &#8211; isen\u00e7\u00e3o de pagamento da taxa de inscri\u00e7\u00e3o do Vestibular 2012"},"content":{"rendered":"<p><img loading=\"lazy\" decoding=\"async\" class=\"alignleft size-full wp-image-34770\" title=\"vestibular\" src=\"https:\/\/migracao.redenoticia.com.br\/noticia\/imagens\/vestibular1.jpg\" alt=\"\" width=\"301\" height=\"194\" srcset=\"https:\/\/migracao.redenoticia.com.br\/noticia\/imagens\/vestibular1.jpg 301w, https:\/\/migracao.redenoticia.com.br\/noticia\/imagens\/vestibular1-250x161.jpg 250w, https:\/\/migracao.redenoticia.com.br\/noticia\/imagens\/vestibular1-150x96.jpg 150w\" sizes=\"auto, (max-width: 301px) 100vw, 301px\" \/>A partir de 1\u00ba de agosto, os interessados j\u00e1 podem consultar o edital do programa e checar a documenta\u00e7\u00e3o necess\u00e1ria para a inscri\u00e7\u00e3o.\u00a0As normas para o procedimento de isen\u00e7\u00e3o do pagamento da taxa de inscri\u00e7\u00e3o do <em><strong>Vestibular Unifesp 2012<\/strong><\/em> j\u00e1 est\u00e3o dispon\u00edveis para consulta pelo site <a href=\"http:\/\/vestibular.unifesp.br\" target=\"_blank\">http:\/\/vestibular.unifesp.br<\/a> , e as inscri\u00e7\u00f5es t\u00eam in\u00edcio em 1\u00ba de agosto de 2011.<\/p>\n<p>A sele\u00e7\u00e3o acontecer\u00e1 em duas etapas, sendo a segunda sob organiza\u00e7\u00e3o e aplica\u00e7\u00e3o da Funda\u00e7\u00e3o para o Vestibular da Universidade Estadual Paulista, VUNESP.\u00a0Os cursos oferecidos para o programa s\u00e3o: Bacharelado em Ci\u00eancias Biol\u00f3gicas, Ci\u00eancias Ambientais e Engenharia Qu\u00edmica no Campus Diadema; e Bacharelado em Ci\u00eancias Biol\u00f3gicas (Modalidade M\u00e9dica), Enfermagem, Fonoaudiologia e Medicina no Campus S\u00e3o Paulo.<\/p>\n<p>O benef\u00edcio da isen\u00e7\u00e3o se dar\u00e1 ao candidato que preencher os seguintes requisitos: ter realizado inscri\u00e7\u00e3o em 2011 para o Exame Nacional do Ensino M\u00e9dio, ENEM, e concordar que a nota da parte objetiva seja levada em conta para a sele\u00e7\u00e3o nos referidos cursos; ter conclu\u00eddo o Ensino M\u00e9dio at\u00e9 o final de 2011 em institui\u00e7\u00e3o p\u00fablica ou particular (com concess\u00e3o de bolsa de estudo integral); n\u00e3o estar cursando ou ter conclu\u00eddo curso superior; estar inscrito no Cadastro \u00danico para Programas Sociais do Governo Federal, Cad\u00danico, ou ter renda familiar mensal igual ou inferior a R$545.<\/p>\n<p>Inscri\u00e7\u00e3o<br \/>\nO per\u00edodo de inscri\u00e7\u00e3o tem in\u00edcio \u00e0s 16 horas do dia 1o. de agosto de 2011, com t\u00e9rmino \u00e0s 16 horas de 25 de agosto de 2011. O requerimento de isen\u00e7\u00e3o deve ser acessado, exclusivamente, no endere\u00e7o http:\/\/vestibular.unifesp.br.<\/p>\n<p>O resultado do pedido de isen\u00e7\u00e3o ser\u00e1 divulgado oficialmente pela Comiss\u00e3o Permanente do Vestibular &#8211; COPEVE, \u00e0s 16 horas do dia 16 de setembro de 2011, pelo site http:\/\/vestibular.unifesp.br.<\/p>\n<p>O per\u00edodo de efetiva\u00e7\u00e3o da inscri\u00e7\u00e3o no vestibular Unifesp para os candidatos contemplados acontecer\u00e1 no per\u00edodo de 19 de setembro a 28 de outubro de 2011.<\/p>\n<p>Sobre a Unifesp<\/p>\n<p>Criada oficialmente em 1994, a Unifesp originou-se da Escola Paulista de Medicina (EPM), entidade privada fundada em 1933 que foi federalizada em 1956. Em 1940, a EPM inaugurou o Hospital S\u00e3o Paulo, primeiro hospital-escola do Pa\u00eds, que hoje \u00e9 o Hospital Universit\u00e1rio da Unifesp, localizado no campus S\u00e3o Paulo, no bairro Vila Clementino.<\/p>\n<p>Na ocasi\u00e3o da cria\u00e7\u00e3o da Unifesp, a institui\u00e7\u00e3o era a primeira universidade brasileira especializada em Sa\u00fade, abrigando em seu curr\u00edculo de gradua\u00e7\u00e3o os cursos de Medicina, Enfermagem, Biomedicina, Fonoaudiologia e Tecnologias Oft\u00e1lmica e Radiol\u00f3gica.<\/p>\n<p>Em 2005, iniciou-se o projeto de expans\u00e3o por meio do Programa de Apoio ao Plano de Reestrutura\u00e7\u00e3o e Expans\u00e3o das Universidades Federais (Reuni), coordenado pelo Minist\u00e9rio da Educa\u00e7\u00e3o (MEC), com a cria\u00e7\u00e3o do campus Baixada Santista. Em 2006, foi criado o campus Guarulhos, seguido de Diadema e S\u00e3o Jos\u00e9 dos Campos, em 2007, dando seguimento ao processo de amplia\u00e7\u00e3o. O ambicioso processo de expans\u00e3o fez com que a Universidade saltasse de um para cinco campi e de cinco para 28 cursos. Com os novos campi, a Institui\u00e7\u00e3o deixou de atuar exclusivamente no campo da sa\u00fade, inaugurando cursos nas \u00e1reas de Humanas (Guarulhos), Exatas (S\u00e3o Jos\u00e9 dos Campos) e Biol\u00f3gicas (Diadema). O campus Osasco, com in\u00edcio das aulas previsto para o primeiro semestre de 2011, ser\u00e1 voltado para a \u00e1rea de Neg\u00f3cios. No Vestibular 2011, a institui\u00e7\u00e3o oferece 2.669 vagas em 33 cursos de Gradua\u00e7\u00e3o.<\/p>\n<p>Atualmente, a Unifesp conta com 6.442 alunos matriculados nos cursos de Gradua\u00e7\u00e3o, al\u00e9m de 2,7 mil discentes em 50 programas de P\u00f3s-Gradua\u00e7\u00e3o Stricto Sensu (Doutorado, Mestrado Acad\u00eamico e Mestrado Profissionalizante) e 6.296 na P\u00f3s Gradua\u00e7\u00e3o Lato Sensu (Especializa\u00e7\u00e3o e Aperfei\u00e7oamento,). Al\u00e9m disso, a institui\u00e7\u00e3o conta com 800 discentes no maior programa de resid\u00eancia m\u00e9dica do Brasil.<\/p>\n<p>A Unifesp tem em seu quadro 1.163 docentes, sendo que 95% possuem t\u00edtulo de doutor, um percentual que marca a qualidade de ensino oferecida pela Institui\u00e7\u00e3o.<\/p>\n<p>No segundo semestre de 2010, tiveram in\u00edcio as atividades do campus avan\u00e7ado de Extens\u00e3o Universit\u00e1ria da Unifesp, o primeiro deste tipo no Brasil, implantado no munic\u00edpio de Embu das Artes, na Regi\u00e3o Metropolitana de S\u00e3o Paulo. O campus avan\u00e7ado de extens\u00e3o universit\u00e1ria da regi\u00e3o de Santo Amaro, na capital paulista, tamb\u00e9m inicia suas atividades no come\u00e7o de 2011.<\/p>\n","protected":false},"excerpt":{"rendered":"<p>A partir de 1\u00ba de agosto, os interessados j\u00e1 podem consultar o edital do programa e checar a documenta\u00e7\u00e3o necess\u00e1ria para a inscri\u00e7\u00e3o.\u00a0As normas para o procedimento de isen\u00e7\u00e3o do pagamento da taxa de inscri\u00e7\u00e3o do Vestibular Unifesp 2012 j\u00e1 est\u00e3o dispon\u00edveis para consulta pelo site http:\/\/vestibular.unifesp.br , e as inscri\u00e7\u00f5es t\u00eam in\u00edcio em 1\u00ba [&hellip;]<\/p>\n","protected":false},"author":3,"featured_media":34770,"comment_status":"open","ping_status":"closed","sticky":false,"template":"","format":"standard","meta":{"tdm_status":"","tdm_grid_status":"","footnotes":""},"categories":[22,370,295],"tags":[],"class_list":{"0":"post-35891","1":"post","2":"type-post","3":"status-publish","4":"format-standard","5":"has-post-thumbnail","7":"category-brasil","8":"category-inscricao","9":"category-vestibular"},"_links":{"self":[{"href":"https:\/\/migracao.redenoticia.com.br\/noticia\/wp-json\/wp\/v2\/posts\/35891","targetHints":{"allow":["GET"]}}],"collection":[{"href":"https:\/\/migracao.redenoticia.com.br\/noticia\/wp-json\/wp\/v2\/posts"}],"about":[{"href":"https:\/\/migracao.redenoticia.com.br\/noticia\/wp-json\/wp\/v2\/types\/post"}],"author":[{"embeddable":true,"href":"https:\/\/migracao.redenoticia.com.br\/noticia\/wp-json\/wp\/v2\/users\/3"}],"replies":[{"embeddable":true,"href":"https:\/\/migracao.redenoticia.com.br\/noticia\/wp-json\/wp\/v2\/comments?post=35891"}],"version-history":[{"count":0,"href":"https:\/\/migracao.redenoticia.com.br\/noticia\/wp-json\/wp\/v2\/posts\/35891\/revisions"}],"wp:featuredmedia":[{"embeddable":true,"href":"https:\/\/migracao.redenoticia.com.br\/noticia\/wp-json\/wp\/v2\/media\/34770"}],"wp:attachment":[{"href":"https:\/\/migracao.redenoticia.com.br\/noticia\/wp-json\/wp\/v2\/media?parent=35891"}],"wp:term":[{"taxonomy":"category","embeddable":true,"href":"https:\/\/migracao.redenoticia.com.br\/noticia\/wp-json\/wp\/v2\/categories?post=35891"},{"taxonomy":"post_tag","embeddable":true,"href":"https:\/\/migracao.redenoticia.com.br\/noticia\/wp-json\/wp\/v2\/tags?post=35891"}],"curies":[{"name":"wp","href":"https:\/\/api.w.org\/{rel}","templated":true}]}}