{"id":35892,"date":"2011-07-21T15:23:48","date_gmt":"2011-07-21T19:23:48","guid":{"rendered":"http:\/\/www.redenoticia.com.br\/noticia\/?p=35892"},"modified":"2011-07-21T15:23:48","modified_gmt":"2011-07-21T19:23:48","slug":"corte-arbitral-do-esporte-libera-cielo-para-o-mundial","status":"publish","type":"post","link":"https:\/\/migracao.redenoticia.com.br\/noticia\/2011\/corte-arbitral-do-esporte-libera-cielo-para-o-mundial\/35892","title":{"rendered":"Corte Arbitral do Esporte libera Cielo para o Mundial"},"content":{"rendered":"<p>Bras\u00edlia &#8211; O nadador <em><strong>Cesar Cielo<\/strong><\/em> foi absolvido hoje (21) pela Corte Arbitral do Esporte (CAS). O tribunal decidiu manter apenas a advert\u00eancia ao atleta, feita pela Confedera\u00e7\u00e3o Brasileira de Desportos Aqu\u00e1ticos (CBDA).\u00a0O nadador foi pego no exame antidoping pelo uso da furosemida, subst\u00e2ncia diur\u00e9tica que pode mascarar o uso de anabolizantes. A defesa de Cielo alega que um suplemento utilizado pelo nadador foi contaminado pela subst\u00e2ncia durante a manipula\u00e7\u00e3o.<\/p>\n<p>A Federa\u00e7\u00e3o Internacional de Nata\u00e7\u00e3o pediu puni\u00e7\u00e3o mais severa que a advert\u00eancia e levou o caso \u00e0 CAS. A entidade pedia tr\u00eas meses de suspens\u00e3o para o atleta. Com a decis\u00e3o da corte, Cielo est\u00e1 liberado para disputar o Mundial de Esportes Aqu\u00e1ticos, que est\u00e1 sendo realizado em Xangai, na China. Cielo vai competir no pr\u00f3ximo domingo (24), nas categorias 50 metros (m) e 100 m livre. O atleta tamb\u00e9m disputar\u00e1 os 50 m borboleta, al\u00e9m de integrar os revezamentos do Brasil e garantir presen\u00e7a nos Jogos Ol\u00edmpicos de Londres em 2012.<\/p>\n<p>Em nota, o nadador disse que \u201ca verdade prevaleceu\u201d. \u201cEstou virando essa p\u00e1gina da minha vida&#8221;, destacou o campe\u00e3o ol\u00edmpico em seu site oficial.<\/p>\n<p>Al\u00e9m de Cielo, os nadadores Nicholas Santos e Henrique Barbosa, que foram pegos no exame antidoping pelo uso da mesma subst\u00e2ncia, tamb\u00e9m foram absolvidos pela CAS. J\u00e1 o atleta Vinicius Waked foi suspenso por um ano, por ser reincidente.<\/p>\n<p>Luana Louren\u00e7o<br \/>\nRep\u00f3rter da Ag\u00eancia Brasil<br \/>\nEdi\u00e7\u00e3o: Talita Cavalcante<\/p>\n","protected":false},"excerpt":{"rendered":"<p>Bras\u00edlia &#8211; O nadador Cesar Cielo foi absolvido hoje (21) pela Corte Arbitral do Esporte (CAS). O tribunal decidiu manter apenas a advert\u00eancia ao atleta, feita pela Confedera\u00e7\u00e3o Brasileira de Desportos Aqu\u00e1ticos (CBDA).\u00a0O nadador foi pego no exame antidoping pelo uso da furosemida, subst\u00e2ncia diur\u00e9tica que pode mascarar o uso de anabolizantes. A defesa de [&hellip;]<\/p>\n","protected":false},"author":3,"featured_media":0,"comment_status":"open","ping_status":"closed","sticky":false,"template":"","format":"standard","meta":{"tdm_status":"","tdm_grid_status":"","footnotes":""},"categories":[22],"tags":[],"class_list":{"0":"post-35892","1":"post","2":"type-post","3":"status-publish","4":"format-standard","6":"category-brasil"},"_links":{"self":[{"href":"https:\/\/migracao.redenoticia.com.br\/noticia\/wp-json\/wp\/v2\/posts\/35892","targetHints":{"allow":["GET"]}}],"collection":[{"href":"https:\/\/migracao.redenoticia.com.br\/noticia\/wp-json\/wp\/v2\/posts"}],"about":[{"href":"https:\/\/migracao.redenoticia.com.br\/noticia\/wp-json\/wp\/v2\/types\/post"}],"author":[{"embeddable":true,"href":"https:\/\/migracao.redenoticia.com.br\/noticia\/wp-json\/wp\/v2\/users\/3"}],"replies":[{"embeddable":true,"href":"https:\/\/migracao.redenoticia.com.br\/noticia\/wp-json\/wp\/v2\/comments?post=35892"}],"version-history":[{"count":0,"href":"https:\/\/migracao.redenoticia.com.br\/noticia\/wp-json\/wp\/v2\/posts\/35892\/revisions"}],"wp:attachment":[{"href":"https:\/\/migracao.redenoticia.com.br\/noticia\/wp-json\/wp\/v2\/media?parent=35892"}],"wp:term":[{"taxonomy":"category","embeddable":true,"href":"https:\/\/migracao.redenoticia.com.br\/noticia\/wp-json\/wp\/v2\/categories?post=35892"},{"taxonomy":"post_tag","embeddable":true,"href":"https:\/\/migracao.redenoticia.com.br\/noticia\/wp-json\/wp\/v2\/tags?post=35892"}],"curies":[{"name":"wp","href":"https:\/\/api.w.org\/{rel}","templated":true}]}}