{"id":35893,"date":"2011-07-21T15:27:32","date_gmt":"2011-07-21T19:27:32","guid":{"rendered":"http:\/\/www.redenoticia.com.br\/noticia\/?p=35893"},"modified":"2011-07-21T15:27:32","modified_gmt":"2011-07-21T19:27:32","slug":"administracao-e-o-curso-que-mais-formou-profissionais-com-bolsas-do-prouni","status":"publish","type":"post","link":"https:\/\/migracao.redenoticia.com.br\/noticia\/2011\/administracao-e-o-curso-que-mais-formou-profissionais-com-bolsas-do-prouni\/35893","title":{"rendered":"Administra\u00e7\u00e3o \u00e9 o curso que mais formou profissionais com bolsas do ProUni"},"content":{"rendered":"<p><em><strong><img loading=\"lazy\" decoding=\"async\" class=\"alignleft size-full wp-image-23011\" title=\"prouni resultado inscricao\" src=\"https:\/\/migracao.redenoticia.com.br\/noticia\/imagens\/prouni-inscricao.jpg\" alt=\"\" width=\"300\" height=\"193\" srcset=\"https:\/\/migracao.redenoticia.com.br\/noticia\/imagens\/prouni-inscricao.jpg 300w, https:\/\/migracao.redenoticia.com.br\/noticia\/imagens\/prouni-inscricao-250x160.jpg 250w, https:\/\/migracao.redenoticia.com.br\/noticia\/imagens\/prouni-inscricao-150x96.jpg 150w\" sizes=\"auto, (max-width: 300px) 100vw, 300px\" \/>ProUni<\/strong><\/em> &#8211; Administra\u00e7\u00e3o \u00e9 o curso que mais formou bolsistas do Programa Universidade para Todos (ProUni) desde a sua cria\u00e7\u00e3o em 2004: 23.429 graduados. Em seguida, na lista dos cursos que mais formaram profissionais pelo programa, aparecem pedagogia (13 mil), direito (11 mil), enfermagem (7,7 mil) e ci\u00eancias cont\u00e1beis (7,4 mil).<\/p>\n<p>Balan\u00e7o divulgado pelo Minist\u00e9rio da Educa\u00e7\u00e3o (MEC) aponta que no total 174,5 mil pessoas j\u00e1 se graduaram pelo programa. H\u00e1 ainda 464 mil bolsistas ativos atualmente. Pode participar do ProUni o aluno que cursou todo o ensino m\u00e9dio em escola p\u00fablica ou estabelecimento privado com bolsa. Tamb\u00e9m \u00e9 necess\u00e1rio ter feito o Exame Nacional do Ensino M\u00e9dio (Enem) de 2010 e atender aos crit\u00e9rios de renda do programa.<\/p>\n<p>Para o primeiro semestre de 2011, 1 milh\u00e3o de candidatos se inscreveram para disputar uma das 92 mil bolsas ofertadas. Ainda est\u00e1 prevista uma terceira chamada, que ser\u00e1 divulgada pelo MEC na pr\u00f3xima segunda-feira (25).<\/p>\n<p>A maior disputa por bolsas do ProUni na \u00faltima edi\u00e7\u00e3o foi no Rio Grande do Norte. Cada uma das 718 vagas dispon\u00edveis foi disputada por 15 candidatos. Pernambuco, o Par\u00e1, Alagoas, o Piau\u00ed, o Maranh\u00e3o e a Para\u00edba tamb\u00e9m registraram mais de dez candidatos por bolsa dispon\u00edvel. Em termos absolutos, o estado com o maior n\u00famero de inscritos foi Minas Gerais (68 mil), seguido por S\u00e3o Paulo (67 mil), pela Bahia (32,1 mil), pelo Rio Grande do Sul (32 mil) e pelo Rio de Janeiro (29 mil).<\/p>\n<p>Amanda Cieglinski<br \/>\nRep\u00f3rter da Ag\u00eancia Brasil<br \/>\nEdi\u00e7\u00e3o: Juliana Andrade<\/p>\n","protected":false},"excerpt":{"rendered":"<p>ProUni &#8211; Administra\u00e7\u00e3o \u00e9 o curso que mais formou bolsistas do Programa Universidade para Todos (ProUni) desde a sua cria\u00e7\u00e3o em 2004: 23.429 graduados. Em seguida, na lista dos cursos que mais formaram profissionais pelo programa, aparecem pedagogia (13 mil), direito (11 mil), enfermagem (7,7 mil) e ci\u00eancias cont\u00e1beis (7,4 mil). Balan\u00e7o divulgado pelo Minist\u00e9rio [&hellip;]<\/p>\n","protected":false},"author":3,"featured_media":23011,"comment_status":"open","ping_status":"closed","sticky":false,"template":"","format":"standard","meta":{"tdm_status":"","tdm_grid_status":"","footnotes":""},"categories":[22],"tags":[],"class_list":{"0":"post-35893","1":"post","2":"type-post","3":"status-publish","4":"format-standard","5":"has-post-thumbnail","7":"category-brasil"},"_links":{"self":[{"href":"https:\/\/migracao.redenoticia.com.br\/noticia\/wp-json\/wp\/v2\/posts\/35893","targetHints":{"allow":["GET"]}}],"collection":[{"href":"https:\/\/migracao.redenoticia.com.br\/noticia\/wp-json\/wp\/v2\/posts"}],"about":[{"href":"https:\/\/migracao.redenoticia.com.br\/noticia\/wp-json\/wp\/v2\/types\/post"}],"author":[{"embeddable":true,"href":"https:\/\/migracao.redenoticia.com.br\/noticia\/wp-json\/wp\/v2\/users\/3"}],"replies":[{"embeddable":true,"href":"https:\/\/migracao.redenoticia.com.br\/noticia\/wp-json\/wp\/v2\/comments?post=35893"}],"version-history":[{"count":0,"href":"https:\/\/migracao.redenoticia.com.br\/noticia\/wp-json\/wp\/v2\/posts\/35893\/revisions"}],"wp:featuredmedia":[{"embeddable":true,"href":"https:\/\/migracao.redenoticia.com.br\/noticia\/wp-json\/wp\/v2\/media\/23011"}],"wp:attachment":[{"href":"https:\/\/migracao.redenoticia.com.br\/noticia\/wp-json\/wp\/v2\/media?parent=35893"}],"wp:term":[{"taxonomy":"category","embeddable":true,"href":"https:\/\/migracao.redenoticia.com.br\/noticia\/wp-json\/wp\/v2\/categories?post=35893"},{"taxonomy":"post_tag","embeddable":true,"href":"https:\/\/migracao.redenoticia.com.br\/noticia\/wp-json\/wp\/v2\/tags?post=35893"}],"curies":[{"name":"wp","href":"https:\/\/api.w.org\/{rel}","templated":true}]}}