{"id":35899,"date":"2011-07-21T13:52:27","date_gmt":"2011-07-21T17:52:27","guid":{"rendered":"http:\/\/www.redenoticia.com.br\/noticia\/?p=35899"},"modified":"2011-07-21T15:52:56","modified_gmt":"2011-07-21T19:52:56","slug":"exame-reduz-risco-de-mortalidade-neonatal","status":"publish","type":"post","link":"https:\/\/migracao.redenoticia.com.br\/noticia\/2011\/exame-reduz-risco-de-mortalidade-neonatal\/35899","title":{"rendered":"Exame reduz risco de mortalidade neonatal"},"content":{"rendered":"<h1><span class=\"Apple-style-span\" style=\"font-size: 13px; font-weight: normal;\"><img loading=\"lazy\" decoding=\"async\" class=\"alignleft size-full wp-image-34747\" title=\"vacina\" src=\"https:\/\/migracao.redenoticia.com.br\/noticia\/imagens\/vacina1.jpg\" alt=\"\" width=\"300\" height=\"193\" srcset=\"https:\/\/migracao.redenoticia.com.br\/noticia\/imagens\/vacina1.jpg 300w, https:\/\/migracao.redenoticia.com.br\/noticia\/imagens\/vacina1-250x160.jpg 250w, https:\/\/migracao.redenoticia.com.br\/noticia\/imagens\/vacina1-150x96.jpg 150w\" sizes=\"auto, (max-width: 300px) 100vw, 300px\" \/>Ag\u00eancia FAPESP \u2013 Um estudo produzido pela Secretaria de Estado da Sa\u00fade de S\u00e3o Paulo apontou que o <em><strong>Teste Fibronectina Fetal<\/strong><\/em>, al\u00e9m de diminuir o n\u00famero de interna\u00e7\u00f5es em Unidade de Terapia Intensiva (UTI), ajuda a evitar <em><strong>partos prematuros<\/strong><\/em> e a mortalidade neonatal.<\/span><\/h1>\n<p>O teste consiste em detectar a presen\u00e7a de uma subst\u00e2ncia chamada fibronectina fetal no conte\u00fado vaginal da m\u00e3e, sendo aplicado entre a 22\u00aa e a 34\u00aa semanas de gesta\u00e7\u00e3o.<\/p>\n<p>De acordo com a Secretaria, caso seja aplicado junto ao exame de ultrassom vaginal, ele reduz, em caso de resultado negativo, para menos de 1% as chances de parto nas duas semanas seguintes a sua realiza\u00e7\u00e3o.<\/p>\n<p>Interven\u00e7\u00f5es desnecess\u00e1rias<\/p>\n<p>O estudo foi feito com 63 gestantes no Hospital e Maternidade Interlagos. Em comum, elas apresentaram alto risco de prematuridade por conta gesta\u00e7\u00f5es anteriores, c\u00f3licas abdominais, m\u00e1 forma\u00e7\u00e3o uterina e contra\u00e7\u00f5es n\u00e3o acompanhadas de n\u00edtidas modifica\u00e7\u00f5es cervicais e infec\u00e7\u00e3o urin\u00e1ria.<\/p>\n<p>Segundo a pesquisa, ap\u00f3s a realiza\u00e7\u00e3o do Teste Fibronectina Fetal, 86% das gestantes analisadas apresentaram resultado negativo. Isso significa que, apesar de apresentarem sinais e sintomas, elas n\u00e3o estavam em trabalho de parto, portanto n\u00e3o era necess\u00e1rio intern\u00e1-las.<\/p>\n<p>No caso dessas gestantes, o espa\u00e7o entre a realiza\u00e7\u00e3o do exame para o parto foi, em m\u00e9dia, de 20 dias, o que comprovou a efici\u00eancia do teste. J\u00e1 para as 14% das gestantes cujo resultado do teste foi positivo, indicando com isso a imin\u00eancia de trabalho de parto, a interna\u00e7\u00e3o foi indicada e o nascimento dos beb\u00eas aconteceu, em m\u00e9dia, 11 dias ap\u00f3s a realiza\u00e7\u00e3o do exame.<\/p>\n<p>\u201cA principal utilidade desse teste \u00e9 evitar que as gestantes sintom\u00e1ticas passem por interna\u00e7\u00f5es ou interven\u00e7\u00f5es desnecess\u00e1rias. Outro benef\u00edcio do teste \u00e9 ajudar a diminuir o n\u00famero de partos prematuros que, s\u00f3 no primeiro semestre de 2010, correspondeu a cerca de 10% do n\u00famero total de partos realizados no Hospital e Maternidade Interlagos.<\/p>\n<p>Com isso, al\u00e9m de reduzir os custos com interna\u00e7\u00f5es, conseguimos reduzir os riscos de mortalidade neonatal provocado por prematuridade\u201d, disse Sandra Sestokas, diretora do Hospital e Maternidade Interlagos.<\/p>\n","protected":false},"excerpt":{"rendered":"<p>Ag\u00eancia FAPESP \u2013 Um estudo produzido pela Secretaria de Estado da Sa\u00fade de S\u00e3o Paulo apontou que o Teste Fibronectina Fetal, al\u00e9m de diminuir o n\u00famero de interna\u00e7\u00f5es em Unidade de Terapia Intensiva (UTI), ajuda a evitar partos prematuros e a mortalidade neonatal. O teste consiste em detectar a presen\u00e7a de uma subst\u00e2ncia chamada fibronectina [&hellip;]<\/p>\n","protected":false},"author":3,"featured_media":34747,"comment_status":"open","ping_status":"closed","sticky":false,"template":"","format":"standard","meta":{"tdm_status":"","tdm_grid_status":"","footnotes":""},"categories":[22,5],"tags":[],"class_list":{"0":"post-35899","1":"post","2":"type-post","3":"status-publish","4":"format-standard","5":"has-post-thumbnail","7":"category-brasil","8":"category-saude-e-vida"},"_links":{"self":[{"href":"https:\/\/migracao.redenoticia.com.br\/noticia\/wp-json\/wp\/v2\/posts\/35899","targetHints":{"allow":["GET"]}}],"collection":[{"href":"https:\/\/migracao.redenoticia.com.br\/noticia\/wp-json\/wp\/v2\/posts"}],"about":[{"href":"https:\/\/migracao.redenoticia.com.br\/noticia\/wp-json\/wp\/v2\/types\/post"}],"author":[{"embeddable":true,"href":"https:\/\/migracao.redenoticia.com.br\/noticia\/wp-json\/wp\/v2\/users\/3"}],"replies":[{"embeddable":true,"href":"https:\/\/migracao.redenoticia.com.br\/noticia\/wp-json\/wp\/v2\/comments?post=35899"}],"version-history":[{"count":0,"href":"https:\/\/migracao.redenoticia.com.br\/noticia\/wp-json\/wp\/v2\/posts\/35899\/revisions"}],"wp:featuredmedia":[{"embeddable":true,"href":"https:\/\/migracao.redenoticia.com.br\/noticia\/wp-json\/wp\/v2\/media\/34747"}],"wp:attachment":[{"href":"https:\/\/migracao.redenoticia.com.br\/noticia\/wp-json\/wp\/v2\/media?parent=35899"}],"wp:term":[{"taxonomy":"category","embeddable":true,"href":"https:\/\/migracao.redenoticia.com.br\/noticia\/wp-json\/wp\/v2\/categories?post=35899"},{"taxonomy":"post_tag","embeddable":true,"href":"https:\/\/migracao.redenoticia.com.br\/noticia\/wp-json\/wp\/v2\/tags?post=35899"}],"curies":[{"name":"wp","href":"https:\/\/api.w.org\/{rel}","templated":true}]}}