{"id":35909,"date":"2011-07-22T11:48:07","date_gmt":"2011-07-22T15:48:07","guid":{"rendered":"http:\/\/www.redenoticia.com.br\/noticia\/?p=35909"},"modified":"2011-07-22T11:48:07","modified_gmt":"2011-07-22T15:48:07","slug":"mestre-sala-e-porta-bandeira-ganham-data-especial-no-calendario-paulistano","status":"publish","type":"post","link":"https:\/\/migracao.redenoticia.com.br\/noticia\/2011\/mestre-sala-e-porta-bandeira-ganham-data-especial-no-calendario-paulistano\/35909","title":{"rendered":"Mestre-sala e porta-bandeira ganham data especial no calend\u00e1rio paulistano"},"content":{"rendered":"<p><img loading=\"lazy\" decoding=\"async\" class=\"alignleft size-full wp-image-33106\" title=\"rei momo\" src=\"https:\/\/migracao.redenoticia.com.br\/noticia\/imagens\/rei-momo.jpg\" alt=\"\" width=\"301\" height=\"194\" srcset=\"https:\/\/migracao.redenoticia.com.br\/noticia\/imagens\/rei-momo.jpg 301w, https:\/\/migracao.redenoticia.com.br\/noticia\/imagens\/rei-momo-250x161.jpg 250w, https:\/\/migracao.redenoticia.com.br\/noticia\/imagens\/rei-momo-150x96.jpg 150w\" sizes=\"auto, (max-width: 301px) 100vw, 301px\" \/>Em 10 de junho agora \u00e9 comemorado o \u201cDia do <em><strong>Mestre-sala e Porta-bandeira<\/strong><\/em>\u201d. A data, cuja lei foi promulgada no \u00faltimo dia 7 de julho e passa a integrar o Calend\u00e1rio de Eventos da Cidade de S\u00e3o Paulo, foi estabelecida pela C\u00e2mara Municipal como uma forma de homenagear esses artistas \u2013 o mestre-sala, a porta-bandeira e a porta-estandarte \u2013 que, durante muito tempo, t\u00eam cultivado a cultura popular nas escolas de samba paulistanas. O projeto \u00e9 da vereadora Juliana Cardoso.<\/p>\n<p>O dia 10 de junho foi escolhido porque nesta data, em 2009, foi feita uma homenagem na C\u00e2mara Municipal a Maria Gilsa Gomes dos Santos, uma tradicional porta-bandeira do Carnaval de S\u00e3o Paulo que faleceu em dezembro de 2008 aos 56 anos.<\/p>\n<p>Maria Gilsa \u00e9 lembrada como grande protagonista da hist\u00f3ria do samba paulistano, tendo dedicado 34 anos de sua vida ao posto de porta-bandeira em algumas escolas, entre elas a Acad\u00eamicos do Tucuruvi e a Rosas de Ouro. Seu legado se estende at\u00e9 os dias de hoje, j\u00e1 que muitos de seus ensinamentos s\u00e3o passados \u00e0s novas gera\u00e7\u00f5es na forma\u00e7\u00e3o de jovens mestres-salas e porta-bandeiras.<\/p>\n<p>Tamb\u00e9m foi em 10 de junho, por\u00e9m de 1995, que foi criada a Associa\u00e7\u00e3o dos Mestres-salas, Porta-bandeiras e Porta-estandartes do Estado de S\u00e3o Paulo (AMESPBEESP), da qual Maria Gilsa era vice-presidente e instrutora.<\/p>\n<p>Sobre o mestre-sala e a porta-bandeira<\/p>\n<p>Muito respeitado pelos integrantes da comunidade do samba, o casal de mestre-sala e porta-bandeira \u00e9 o respons\u00e1vel por apresentar, conduzir e ostentar o pavilh\u00e3o, s\u00edmbolo m\u00e1ximo da escola de samba, e devem guard\u00e1-lo e proteg\u00ea-lo (a porta-bandeira conduz o pavilh\u00e3o e o mestre-sala \u00e9 o seu guardi\u00e3o). Sua atua\u00e7\u00e3o no desfile \u00e9 de suma import\u00e2ncia e um dos principais quesitos de avalia\u00e7\u00e3o.<\/p>\n","protected":false},"excerpt":{"rendered":"<p>Em 10 de junho agora \u00e9 comemorado o \u201cDia do Mestre-sala e Porta-bandeira\u201d. A data, cuja lei foi promulgada no \u00faltimo dia 7 de julho e passa a integrar o Calend\u00e1rio de Eventos da Cidade de S\u00e3o Paulo, foi estabelecida pela C\u00e2mara Municipal como uma forma de homenagear esses artistas \u2013 o mestre-sala, a porta-bandeira [&hellip;]<\/p>\n","protected":false},"author":3,"featured_media":33106,"comment_status":"open","ping_status":"closed","sticky":false,"template":"","format":"standard","meta":{"tdm_status":"","tdm_grid_status":"","footnotes":""},"categories":[22],"tags":[],"class_list":{"0":"post-35909","1":"post","2":"type-post","3":"status-publish","4":"format-standard","5":"has-post-thumbnail","7":"category-brasil"},"_links":{"self":[{"href":"https:\/\/migracao.redenoticia.com.br\/noticia\/wp-json\/wp\/v2\/posts\/35909","targetHints":{"allow":["GET"]}}],"collection":[{"href":"https:\/\/migracao.redenoticia.com.br\/noticia\/wp-json\/wp\/v2\/posts"}],"about":[{"href":"https:\/\/migracao.redenoticia.com.br\/noticia\/wp-json\/wp\/v2\/types\/post"}],"author":[{"embeddable":true,"href":"https:\/\/migracao.redenoticia.com.br\/noticia\/wp-json\/wp\/v2\/users\/3"}],"replies":[{"embeddable":true,"href":"https:\/\/migracao.redenoticia.com.br\/noticia\/wp-json\/wp\/v2\/comments?post=35909"}],"version-history":[{"count":0,"href":"https:\/\/migracao.redenoticia.com.br\/noticia\/wp-json\/wp\/v2\/posts\/35909\/revisions"}],"wp:featuredmedia":[{"embeddable":true,"href":"https:\/\/migracao.redenoticia.com.br\/noticia\/wp-json\/wp\/v2\/media\/33106"}],"wp:attachment":[{"href":"https:\/\/migracao.redenoticia.com.br\/noticia\/wp-json\/wp\/v2\/media?parent=35909"}],"wp:term":[{"taxonomy":"category","embeddable":true,"href":"https:\/\/migracao.redenoticia.com.br\/noticia\/wp-json\/wp\/v2\/categories?post=35909"},{"taxonomy":"post_tag","embeddable":true,"href":"https:\/\/migracao.redenoticia.com.br\/noticia\/wp-json\/wp\/v2\/tags?post=35909"}],"curies":[{"name":"wp","href":"https:\/\/api.w.org\/{rel}","templated":true}]}}