{"id":35910,"date":"2011-07-22T18:46:42","date_gmt":"2011-07-22T22:46:42","guid":{"rendered":"http:\/\/www.redenoticia.com.br\/noticia\/?p=35910"},"modified":"2011-07-23T12:09:09","modified_gmt":"2011-07-23T16:09:09","slug":"meteorologia-%e2%80%93-previsao-do-tempo-para-este-sabado-2307","status":"publish","type":"post","link":"https:\/\/migracao.redenoticia.com.br\/noticia\/2011\/meteorologia-%e2%80%93-previsao-do-tempo-para-este-sabado-2307\/35910","title":{"rendered":"Meteorologia \u2013 previs\u00e3o do tempo para este s\u00e1bado 23\/07"},"content":{"rendered":"<p><img loading=\"lazy\" decoding=\"async\" class=\"alignleft size-full wp-image-28409\" title=\"previsao do tempo e temperatura\" src=\"https:\/\/migracao.redenoticia.com.br\/noticia\/imagens\/previsao-do-tempo-e-temperatura.jpg\" alt=\"\" width=\"300\" height=\"193\" srcset=\"https:\/\/migracao.redenoticia.com.br\/noticia\/imagens\/previsao-do-tempo-e-temperatura.jpg 300w, https:\/\/migracao.redenoticia.com.br\/noticia\/imagens\/previsao-do-tempo-e-temperatura-250x160.jpg 250w, https:\/\/migracao.redenoticia.com.br\/noticia\/imagens\/previsao-do-tempo-e-temperatura-150x96.jpg 150w\" sizes=\"auto, (max-width: 300px) 100vw, 300px\" \/><\/p>\n<p>Previs\u00e3o do tempo\u00a0\u2013 a\u00a0<strong><em>meteorologia<\/em><\/strong>\u00a0divulgou a <strong><em>previs\u00e3o do tempo<\/em><\/strong> e\u00a0<strong><em>temperatura<\/em><\/strong>\u00a0para este s\u00e1bado (23\/07) e informa que a massa de ar seco deixar\u00e1 o dia com predom\u00ednio de sol em grande parte do interior do Brasil. O calor e a alta umidade deixar\u00e1 o dia com nebulosidade vari\u00e1vel e pancadas de chuva isoladas em toda a faixa norte do pa\u00eds. Segundo a previs\u00e3o do tempo o tempo ficar\u00e1 inst\u00e1vel com curtos per\u00edodos de sol e chuva no litoral do Nordeste. No leste de SP, sudeste de MG e no sul do RJ o dia ser\u00e1 de muitas nuvens com chuva a qualquer momento. Dados da previs\u00e3o do tempo indicam que na faixa leste do Nordeste, no MS e entre o norte do RS e o sul do PR o dia ficar\u00e1 nublado. Nas demais \u00e1reas de SP e do PR haver\u00e1 muitas nuvens e chuva isolada. A previs\u00e3o do tempo destaca que dia de sol nas demais \u00e1reas do Brasil. A umidade relativa do ar estar\u00e1 baixa no per\u00edodo da tarde a \u00e1rea entre o sudeste do PA e o nordeste de MG. A temperatura estar\u00e1 em queda no centro-sul do pa\u00eds.<\/p>\n<p>Vale do Para\u00edba \u2013 previs\u00e3o do tempo no s\u00e1bado (23\/07) o dia ser\u00e1 de chuva na regi\u00e3o. A temperatura estar\u00e1 em decl\u00ednio.<\/p>\n<p>Regi\u00e3o Centro-Oeste \u2013 previs\u00e3o do tempo em\u00a023\/07\/2011:\u00a0No extremo leste do MS: chuva isolada. No extremo norte do MS, extremo sul de GO e sul e sudoeste do MT: sol e varia\u00e7\u00e3o de nuvens. Nas demais \u00e1reas da regi\u00e3o: predom\u00ednio de sol. Temperaturas est\u00e1veis. Temperatura m\u00e1xima: 34C no norte de MT. Temperatura m\u00ednima: 10C no sul do MS.<\/p>\n<p>Regi\u00e3o Nordeste \u2013 previs\u00e3o do tempo em\u00a023\/07\/2011:\u00a0Na faixa litor\u00e2nea leste do nordeste: inst\u00e1vel, com pouca aberturas de sol e chuva. No leste da BA, oeste de AL, SE, PB, sul do RN e interior de PE: nublado. No sul do MA, PI e oeste da BA: predom\u00ednio de sol. Nas demais \u00e1reas: sol e poucas nuvens. Temperaturas est\u00e1veis. Temperatura m\u00e1xima: 35C no oeste do MA. Temperatura m\u00ednima: 11C no interior da BA.<\/p>\n<p>Regi\u00e3o Norte \u2013 previs\u00e3o do tempo em\u00a023\/07\/2011:\u00a0Norte do AC, do AM, do PA e de RR: sol, varia\u00e7\u00e3o de nuvens e pancadas de chuva. No extremo sudoeste do AM, interior do AC: possibilidade de chuva. No extremo leste do PA: sol e poucas nuvens. No sul do AC, do AM e de RO: sol e varia\u00e7\u00e3o de nuvens. Nas demais \u00e1reas da Regi\u00e3o: predom\u00ednio de sol. Temperaturas est\u00e1veis. Temperatura m\u00e1xima: 37C no leste do AM. Temperatura m\u00ednima: 14C no noroeste de RR.<\/p>\n<p>Regi\u00e3o Sudeste \u2013 previs\u00e3o do tempo em\u00a023\/07\/2011:\u00a0No nordeste de MG e norte do ES e extremo oeste de SP: nublado. No leste de SP, sul do ES e extremo norte do RJ e extremo nordeste de SP: nublado com possibilidade de chuva. No sul de SP: chuvisco. No leste de SP, extremo sul de MG e sul do RJ: muitas nuvens e chuva. Nas demais \u00e1reas de SP: chuva isolada. Nas demais \u00e1reas: predom\u00ednio de sol. Temperaturas est\u00e1veis. Temperatura m\u00e1xima: 30C no Tri\u00e2ngulo Mineiro. Temperatura m\u00ednima: 10C no sul de SP.<\/p>\n<p>Regi\u00e3o Sul \u2013 previs\u00e3o do tempo em\u00a023\/07\/2011:\u00a0No norte e leste do PR: muitas nuvens e chuva isolada. No extremo leste do PR e nordeste de SC: chuvisco. Nas demais \u00e1reas do PR, SC e norte do RS: nublado. Nas demais \u00e1reas do RS: predom\u00ednio de sol. Temperaturas baixas. Temperatura m\u00e1xima: 20C no oeste do PR. Temperatura m\u00ednima: 3C nas \u00e1reas de serra.<\/p>\n<p>Previs\u00e3o do tempo e temperatura CPTEC<\/p>\n","protected":false},"excerpt":{"rendered":"<p>Previs\u00e3o do tempo\u00a0\u2013 a\u00a0meteorologia\u00a0divulgou a previs\u00e3o do tempo e\u00a0temperatura\u00a0para este s\u00e1bado (23\/07) e informa que a massa de ar seco deixar\u00e1 o dia com predom\u00ednio de sol em grande parte do interior do Brasil. O calor e a alta umidade deixar\u00e1 o dia com nebulosidade vari\u00e1vel e pancadas de chuva isoladas em toda a faixa [&hellip;]<\/p>\n","protected":false},"author":3,"featured_media":28409,"comment_status":"open","ping_status":"closed","sticky":false,"template":"","format":"standard","meta":{"tdm_status":"","tdm_grid_status":"","footnotes":""},"categories":[22],"tags":[],"class_list":{"0":"post-35910","1":"post","2":"type-post","3":"status-publish","4":"format-standard","5":"has-post-thumbnail","7":"category-brasil"},"_links":{"self":[{"href":"https:\/\/migracao.redenoticia.com.br\/noticia\/wp-json\/wp\/v2\/posts\/35910","targetHints":{"allow":["GET"]}}],"collection":[{"href":"https:\/\/migracao.redenoticia.com.br\/noticia\/wp-json\/wp\/v2\/posts"}],"about":[{"href":"https:\/\/migracao.redenoticia.com.br\/noticia\/wp-json\/wp\/v2\/types\/post"}],"author":[{"embeddable":true,"href":"https:\/\/migracao.redenoticia.com.br\/noticia\/wp-json\/wp\/v2\/users\/3"}],"replies":[{"embeddable":true,"href":"https:\/\/migracao.redenoticia.com.br\/noticia\/wp-json\/wp\/v2\/comments?post=35910"}],"version-history":[{"count":0,"href":"https:\/\/migracao.redenoticia.com.br\/noticia\/wp-json\/wp\/v2\/posts\/35910\/revisions"}],"wp:featuredmedia":[{"embeddable":true,"href":"https:\/\/migracao.redenoticia.com.br\/noticia\/wp-json\/wp\/v2\/media\/28409"}],"wp:attachment":[{"href":"https:\/\/migracao.redenoticia.com.br\/noticia\/wp-json\/wp\/v2\/media?parent=35910"}],"wp:term":[{"taxonomy":"category","embeddable":true,"href":"https:\/\/migracao.redenoticia.com.br\/noticia\/wp-json\/wp\/v2\/categories?post=35910"},{"taxonomy":"post_tag","embeddable":true,"href":"https:\/\/migracao.redenoticia.com.br\/noticia\/wp-json\/wp\/v2\/tags?post=35910"}],"curies":[{"name":"wp","href":"https:\/\/api.w.org\/{rel}","templated":true}]}}