{"id":35913,"date":"2011-07-22T11:55:23","date_gmt":"2011-07-22T15:55:23","guid":{"rendered":"http:\/\/www.redenoticia.com.br\/noticia\/?p=35913"},"modified":"2011-07-22T11:55:23","modified_gmt":"2011-07-22T15:55:23","slug":"processos-para-apurar-irregularidades-na-area-dos-transportes","status":"publish","type":"post","link":"https:\/\/migracao.redenoticia.com.br\/noticia\/2011\/processos-para-apurar-irregularidades-na-area-dos-transportes\/35913","title":{"rendered":"Processos para apurar irregularidades na \u00e1rea dos transportes"},"content":{"rendered":"<p><img loading=\"lazy\" decoding=\"async\" class=\"alignleft size-full wp-image-35207\" title=\"transito estradas\" src=\"https:\/\/migracao.redenoticia.com.br\/noticia\/imagens\/transito-estradas.jpg\" alt=\"\" width=\"300\" height=\"193\" srcset=\"https:\/\/migracao.redenoticia.com.br\/noticia\/imagens\/transito-estradas.jpg 300w, https:\/\/migracao.redenoticia.com.br\/noticia\/imagens\/transito-estradas-250x160.jpg 250w, https:\/\/migracao.redenoticia.com.br\/noticia\/imagens\/transito-estradas-150x96.jpg 150w\" sizes=\"auto, (max-width: 300px) 100vw, 300px\" \/>Bras\u00edlia \u2013 A Controladoria-Geral da Uni\u00e3o (CGU) informou que abriu quatro processos para apurar den\u00fancias de irregularidades na \u00e1rea dos transportes. De acordo com o \u00f3rg\u00e3o, desde o dia 12 de julho foram abertas sete sindic\u00e2ncias e processos administrativos disciplinares (PADs) para apurar as den\u00fancias veiculadas pela imprensa. Ainda segundo a CGU, 18 processos j\u00e1 estavam em andamento antes mesmo de as den\u00fancias virem \u00e0 tona.<\/p>\n<p>Um dos processos abertos vai apurar den\u00fancia sobre a contrata\u00e7\u00e3o de empresa da mulher do ex-diretor executivo do Departamento Nacional de Infraestrutura de Transportes (Dnit) Jo\u00e3o Henrique Sadok de S\u00e1 para executar obras rodovi\u00e1rias em Roraima.<\/p>\n<p>Segundo comunicado da CGU, tamb\u00e9m foi instaurado processo que vai apurar responsabilidade de Varej\u00e3o [Luiz Cl\u00e1udio Varej\u00e3o, ex-coordenador geral de Opera\u00e7\u00f5es Rodovi\u00e1rias do Dnit], afastado recentemente do cargo comissionado, e de Sadock pelo reconhecimento de d\u00edvida do cons\u00f3rcio Rodovida, sem comprova\u00e7\u00e3o de execu\u00e7\u00e3o dos servi\u00e7os.<\/p>\n<p>O \u00f3rg\u00e3o informa ainda que vai apurar o envolvimento do coordenador de Constru\u00e7\u00f5es Rodovi\u00e1rias do Dnit, Luiz Munhoz Prosel, no suposto superfaturamento de obras rodovi\u00e1rias por meio do \u201cjogo de planilhas\u201d.<\/p>\n<p>O quarto processo aberto pela CGU vai apurar o envolvimento de Varej\u00e3o na execu\u00e7\u00e3o de servi\u00e7os de pesagem de cargas sem cobertura contratual pela empresa Engespro.<\/p>\n<p>De acordo com a CGU, outros processos que est\u00e3o em andamento investigam o envolvimento do servidor Marcelino Augusto dos Santos Rosa no direcionamento de licita\u00e7\u00f5es. Uma sindic\u00e2ncia apura o poss\u00edvel enriquecimento il\u00edcito de Mauro Barbosa, ex-chefe de gabinete do ex-ministro dos Transportes Alfredo Nascimento.<\/p>\n<p>Da Ag\u00eancia Brasil<\/p>\n<p>Edi\u00e7\u00e3o: Jo\u00e3o Carlos Rodrigues<\/p>\n","protected":false},"excerpt":{"rendered":"<p>Bras\u00edlia \u2013 A Controladoria-Geral da Uni\u00e3o (CGU) informou que abriu quatro processos para apurar den\u00fancias de irregularidades na \u00e1rea dos transportes. De acordo com o \u00f3rg\u00e3o, desde o dia 12 de julho foram abertas sete sindic\u00e2ncias e processos administrativos disciplinares (PADs) para apurar as den\u00fancias veiculadas pela imprensa. Ainda segundo a CGU, 18 processos j\u00e1 [&hellip;]<\/p>\n","protected":false},"author":3,"featured_media":35207,"comment_status":"open","ping_status":"closed","sticky":false,"template":"","format":"standard","meta":{"tdm_status":"","tdm_grid_status":"","footnotes":""},"categories":[22],"tags":[],"class_list":{"0":"post-35913","1":"post","2":"type-post","3":"status-publish","4":"format-standard","5":"has-post-thumbnail","7":"category-brasil"},"_links":{"self":[{"href":"https:\/\/migracao.redenoticia.com.br\/noticia\/wp-json\/wp\/v2\/posts\/35913","targetHints":{"allow":["GET"]}}],"collection":[{"href":"https:\/\/migracao.redenoticia.com.br\/noticia\/wp-json\/wp\/v2\/posts"}],"about":[{"href":"https:\/\/migracao.redenoticia.com.br\/noticia\/wp-json\/wp\/v2\/types\/post"}],"author":[{"embeddable":true,"href":"https:\/\/migracao.redenoticia.com.br\/noticia\/wp-json\/wp\/v2\/users\/3"}],"replies":[{"embeddable":true,"href":"https:\/\/migracao.redenoticia.com.br\/noticia\/wp-json\/wp\/v2\/comments?post=35913"}],"version-history":[{"count":0,"href":"https:\/\/migracao.redenoticia.com.br\/noticia\/wp-json\/wp\/v2\/posts\/35913\/revisions"}],"wp:featuredmedia":[{"embeddable":true,"href":"https:\/\/migracao.redenoticia.com.br\/noticia\/wp-json\/wp\/v2\/media\/35207"}],"wp:attachment":[{"href":"https:\/\/migracao.redenoticia.com.br\/noticia\/wp-json\/wp\/v2\/media?parent=35913"}],"wp:term":[{"taxonomy":"category","embeddable":true,"href":"https:\/\/migracao.redenoticia.com.br\/noticia\/wp-json\/wp\/v2\/categories?post=35913"},{"taxonomy":"post_tag","embeddable":true,"href":"https:\/\/migracao.redenoticia.com.br\/noticia\/wp-json\/wp\/v2\/tags?post=35913"}],"curies":[{"name":"wp","href":"https:\/\/api.w.org\/{rel}","templated":true}]}}