{"id":35929,"date":"2011-07-23T17:20:26","date_gmt":"2011-07-23T21:20:26","guid":{"rendered":"http:\/\/www.redenoticia.com.br\/noticia\/?p=35929"},"modified":"2011-07-24T12:33:16","modified_gmt":"2011-07-24T16:33:16","slug":"meteorologia-%e2%80%93-previsao-do-tempo-para-este-domingo-2407","status":"publish","type":"post","link":"https:\/\/migracao.redenoticia.com.br\/noticia\/2011\/meteorologia-%e2%80%93-previsao-do-tempo-para-este-domingo-2407\/35929","title":{"rendered":"Meteorologia \u2013 previs\u00e3o do tempo para este domingo 24\/07"},"content":{"rendered":"<p><img loading=\"lazy\" decoding=\"async\" class=\"alignleft size-full wp-image-28409\" title=\"previsao do tempo e temperatura\" src=\"https:\/\/migracao.redenoticia.com.br\/noticia\/imagens\/previsao-do-tempo-e-temperatura.jpg\" alt=\"\" width=\"300\" height=\"193\" srcset=\"https:\/\/migracao.redenoticia.com.br\/noticia\/imagens\/previsao-do-tempo-e-temperatura.jpg 300w, https:\/\/migracao.redenoticia.com.br\/noticia\/imagens\/previsao-do-tempo-e-temperatura-250x160.jpg 250w, https:\/\/migracao.redenoticia.com.br\/noticia\/imagens\/previsao-do-tempo-e-temperatura-150x96.jpg 150w\" sizes=\"auto, (max-width: 300px) 100vw, 300px\" \/>Previs\u00e3o do tempo\u00a0\u2013 a\u00a0<strong><em>meteorologia<\/em><\/strong>\u00a0divulgou a <strong><em>previs\u00e3o do tempo<\/em><\/strong> e\u00a0<strong><em>temperatura<\/em><\/strong>\u00a0para este domingo (24\/07) e informa que a massa de ar seco deixar\u00e1 o dia com predom\u00ednio de sol e baixa umidade relativa do ar em grande parte do interior do Brasil. Segundo a previs\u00e3o do tempo o calor e a alta umidade deixar\u00e3o o dia com nebulosidade vari\u00e1vel e pancadas de chuva isoladas na faixa norte entre o AM e o PI, onde de forma localizada chover\u00e1 forte. Dados da previs\u00e3o do tempo indicam que o tempo ficar\u00e1 inst\u00e1vel com curtos per\u00edodos de sol e chuva no litoral do Nordeste. Entre o ES e o norte do RJ os ventos \u00famidos vindos do mar provocar\u00e3o muitas nuvens e chuva. A previs\u00e3o do tempo destaca que entre o litoral norte de SP e litoral sul do RJ, haver\u00e1 muitas nuvens e pequena possibilidade de chuva passageira. \u00c1reas de instabilidade atingir\u00e3o o norte do PR, o sul e sudoeste de SP onde se espera pancadas de chuva. O sol predominar\u00e1 no RS, no oeste do PR e centro-oeste de SC.<\/p>\n<p>Vale do Para\u00edba \u2013 previs\u00e3o do tempo no domingo (24\/07) o c\u00e9u ainda ter\u00e1 possibilidade de chuva no litoral norte. No vale e na serra o dia ser\u00e1 com varia\u00e7\u00e3o de nebulosidade. A temperatura m\u00e1xima estar\u00e1 em gradativa eleva\u00e7\u00e3o.<\/p>\n<p>Regi\u00e3o Centro-Oeste \u2013 previs\u00e3o do tempo em\u00a024\/07\/2011:\u00a0No extremo leste do MS: sol com varia\u00e7\u00e3o de nuvens e pancadas de chuva. Nas demais \u00e1reas da regi\u00e3o: predom\u00ednio de sol. Aten\u00e7\u00e3o para os baixos \u00edndices e umidade do ar no MT, DF, GO e norte do MS. Temperaturas est\u00e1veis. Temperatura m\u00e1xima: 36C no noroeste de MT. Temperatura m\u00ednima: 10C no sul do MS.<\/p>\n<p>Regi\u00e3o Nordeste \u2013 previs\u00e3o do tempo em\u00a024\/07\/2011:\u00a0No norte do MA e do PI: sol com varia\u00e7\u00e3o de nuvens e pancadas de chuva. Nas demais \u00e1reas do MA, PI e da BA: predom\u00ednio de sol. No leste da regi\u00e3o: nublado. Na faixa litor\u00e2nea da BA, SE, AL e litoral sul de PE: chuva isolada. No litoral leste do RN e da PB: possibilidade de chuva. Nas demais \u00e1reas: sol e poucas nuvens. Temperaturas est\u00e1veis. Temperatura m\u00e1xima: 34C no oeste do MA. Temperatura m\u00ednima: 14C no interior da BA.<\/p>\n<p>Regi\u00e3o Norte \u2013 previs\u00e3o do tempo em\u00a024\/07\/2011:\u00a0No norte do AM e noroeste do PA, no AP, RR: sol, varia\u00e7\u00e3o de nuvens e pancadas de chuva. Nas demais \u00e1reas: predom\u00ednio de sol. Aten\u00e7\u00e3o para os baixos \u00edndices de umidade do ar no sul do PA, centro-leste de RO e sudeste do AM. Temperaturas est\u00e1veis. Temperatura m\u00e1xima: 37C no interior do AM. Temperatura m\u00ednima: 14C no noroeste de RR.<\/p>\n<p>Regi\u00e3o Sudeste \u2013 previs\u00e3o do tempo em\u00a024\/07\/2011:\u00a0No leste e nordeste e sul de SP, sul e sudeste de MG e sul e norte do RJ: sol e varia\u00e7\u00e3o de nuvens. No litoral norte de SP e litoral sul do RJ: possibilidade de chuva. No nordeste do RJ: chuva isolada. No extremo leste de MG e no ES: muitas nuvens e chuva. No sudoeste de SP: sol com varia\u00e7\u00e3o de nuvens e pancadas de chuva. Nas demais \u00e1reas da Regi\u00e3o: predom\u00ednio de sol. Aten\u00e7\u00e3o para baixos \u00edndices de umidade do ar no oeste de MG. Temperaturas amenas. Temperatura m\u00e1xima: 28C no Tri\u00e2ngulo Mineiro. Temperatura m\u00ednima: 11C na Serra da Mantiqueira.<\/p>\n<p>Regi\u00e3o Sul \u2013 previs\u00e3o do tempo em\u00a024\/07\/2011:\u00a0No norte do PR: sol com varia\u00e7\u00e3o de nuvens e pancadas de chuva a partir da tarde. No norte do PR e de SC: sol e varia\u00e7\u00e3o de nuvens. No interior do PR e extremo norte de SC: sol e poucas nuvens. Nas demais \u00e1reas da regi\u00e3o: predom\u00ednio de sol. Temperaturas amenas. Temperatura m\u00e1xima: 20C no oeste da regi\u00e3o. Temperatura m\u00ednima: 7C nas \u00e1reas de serra.<\/p>\n<p>Previs\u00e3o do tempo e temperatura CPTEC<\/p>\n","protected":false},"excerpt":{"rendered":"<p>Previs\u00e3o do tempo\u00a0\u2013 a\u00a0meteorologia\u00a0divulgou a previs\u00e3o do tempo e\u00a0temperatura\u00a0para este domingo (24\/07) e informa que a massa de ar seco deixar\u00e1 o dia com predom\u00ednio de sol e baixa umidade relativa do ar em grande parte do interior do Brasil. Segundo a previs\u00e3o do tempo o calor e a alta umidade deixar\u00e3o o dia com [&hellip;]<\/p>\n","protected":false},"author":3,"featured_media":28409,"comment_status":"open","ping_status":"closed","sticky":false,"template":"","format":"standard","meta":{"tdm_status":"","tdm_grid_status":"","footnotes":""},"categories":[22],"tags":[],"class_list":{"0":"post-35929","1":"post","2":"type-post","3":"status-publish","4":"format-standard","5":"has-post-thumbnail","7":"category-brasil"},"_links":{"self":[{"href":"https:\/\/migracao.redenoticia.com.br\/noticia\/wp-json\/wp\/v2\/posts\/35929","targetHints":{"allow":["GET"]}}],"collection":[{"href":"https:\/\/migracao.redenoticia.com.br\/noticia\/wp-json\/wp\/v2\/posts"}],"about":[{"href":"https:\/\/migracao.redenoticia.com.br\/noticia\/wp-json\/wp\/v2\/types\/post"}],"author":[{"embeddable":true,"href":"https:\/\/migracao.redenoticia.com.br\/noticia\/wp-json\/wp\/v2\/users\/3"}],"replies":[{"embeddable":true,"href":"https:\/\/migracao.redenoticia.com.br\/noticia\/wp-json\/wp\/v2\/comments?post=35929"}],"version-history":[{"count":0,"href":"https:\/\/migracao.redenoticia.com.br\/noticia\/wp-json\/wp\/v2\/posts\/35929\/revisions"}],"wp:featuredmedia":[{"embeddable":true,"href":"https:\/\/migracao.redenoticia.com.br\/noticia\/wp-json\/wp\/v2\/media\/28409"}],"wp:attachment":[{"href":"https:\/\/migracao.redenoticia.com.br\/noticia\/wp-json\/wp\/v2\/media?parent=35929"}],"wp:term":[{"taxonomy":"category","embeddable":true,"href":"https:\/\/migracao.redenoticia.com.br\/noticia\/wp-json\/wp\/v2\/categories?post=35929"},{"taxonomy":"post_tag","embeddable":true,"href":"https:\/\/migracao.redenoticia.com.br\/noticia\/wp-json\/wp\/v2\/tags?post=35929"}],"curies":[{"name":"wp","href":"https:\/\/api.w.org\/{rel}","templated":true}]}}