{"id":3593,"date":"2009-06-24T09:42:06","date_gmt":"2009-06-24T13:42:06","guid":{"rendered":"http:\/\/www.redenoticia.com.br\/noticia\/?p=3593"},"modified":"2009-06-24T16:46:28","modified_gmt":"2009-06-24T20:46:28","slug":"inscricao-para-as-25-mil-vagas-do-curso-do-senad-estao-abertas","status":"publish","type":"post","link":"https:\/\/migracao.redenoticia.com.br\/noticia\/2009\/inscricao-para-as-25-mil-vagas-do-curso-do-senad-estao-abertas\/3593","title":{"rendered":"Inscri\u00e7\u00e3o para as 25 mil vagas do curso do SENAD est\u00e3o abertas"},"content":{"rendered":"<p>Mais 25 mil educadores, entre eles, professores, coordenadores e gestores das escolas p\u00fablicas, t\u00eam este ano oportunidade de conhecer, discutir, tirar d\u00favidas e trocar informa\u00e7\u00f5es com especialistas sobre a preven\u00e7\u00e3o do uso de drogas nas escolas. O curso Preven\u00e7\u00e3o do Uso de Drogas, gratuito e a dist\u00e2ncia, \u00e9 oferecido pelo Minist\u00e9rio da Educa\u00e7\u00e3o e pela Secretaria Nacional de Pol\u00edticas sobre Drogas (Senad), em parceria com a Universidade de Bras\u00edlia (UnB). A pr\u00e9-inscri\u00e7\u00e3o pode ser feita at\u00e9 dia<strong> 6 de julho<\/strong>.<\/p>\n<p>A forma\u00e7\u00e3o \u00e9 para educadores que trabalham com estudantes de 5\u00aa a 8\u00aa s\u00e9rie do ensino fundamental (6\u00ba ao 9\u00ba ano) e do ensino m\u00e9dio. A inscri\u00e7\u00e3o \u00e9 individual, mas cada estabelecimento deve formar um grupo de cinco profissionais (professor, diretor, coordenador) que responder\u00e3o pelo n\u00facleo de preven\u00e7\u00e3o do uso de drogas e que, ao final do curso, apresentar\u00e3o um projeto para a escola. Para participar do curso, a escola precisa atender a dois requisitos: ter acesso \u00e0 internet e ter turmas dos anos finais do ensino fundamental ou do ensino m\u00e9dio, ou ambas.<\/p>\n<p>Maria de F\u00e1tima Malheiros, da Diretoria de Concep\u00e7\u00f5es e Orienta\u00e7\u00f5es Curriculares da Secretaria de Educa\u00e7\u00e3o B\u00e1sica (SEB), explica que, encerrado o processo de pr\u00e9-inscri\u00e7\u00e3o, o MEC e a Senad far\u00e3o uma triagem no banco de inscritos com base em quatro crit\u00e9rios: ordem de inscri\u00e7\u00e3o; proporcionalidade por estados e regi\u00f5es; equil\u00edbrio de vagas para o ensino fundamental e ensino m\u00e9dio; atua\u00e7\u00e3o das escolas no desenvolvimento de a\u00e7\u00f5es de preven\u00e7\u00e3o e promo\u00e7\u00e3o da sa\u00fade escolar.<\/p>\n<p>O objetivo do MEC e da Senad, diz Maria de F\u00e1tima, \u00e9 formar educadores capazes de desenvolver programas de preven\u00e7\u00e3o do uso de drogas, detectar comportamentos de risco na escola, abordar adequadamente crian\u00e7as e adolescentes, e encaminhar alunos e familiares para a rede de servi\u00e7os existente no munic\u00edpio.<br \/>\n<strong><br \/>\n<strong>Curso<\/strong><\/strong> \u2013 O curso, a dist\u00e2ncia, tem 120 horas, dura\u00e7\u00e3o de quatro meses e certificado de extens\u00e3o universit\u00e1ria expedido pela UnB. Para obter o certificado, a equipe (cinco educadores) precisa apresentar um projeto de preven\u00e7\u00e3o para aplicar na escola, al\u00e9m de fazer as tarefas do curso. Os participantes receber\u00e3o materiais did\u00e1ticos individuais \u2013 um livro e um DVD \u2013 que os promotores do curso encaminhar\u00e3o para o endere\u00e7o da escola onde o educador trabalha.<\/p>\n<p>Na UnB, uma equipe de tutores estar\u00e1 \u00e0 disposi\u00e7\u00e3o dos cursistas para tirar d\u00favidas por correio eletr\u00f4nico e auxili\u00e1-los no estudo dos conte\u00fados, no diagn\u00f3stico da situa\u00e7\u00e3o da escola e da comunidade e na elabora\u00e7\u00e3o do projeto final.<\/p>\n<p>A ficha da pr\u00e9-inscri\u00e7\u00e3o est\u00e1 dispon\u00edvel at\u00e9 o dia 6 de julho na <a href=\"http:\/\/www.prevencao.mec.senad.gov.br\/\" target=\"_blank\">p\u00e1gina<\/a> eletr\u00f4nica do curso. O in\u00edcio da forma\u00e7\u00e3o est\u00e1 previsto para agosto. Al\u00e9m de informa\u00e7\u00f5es no s\u00edtio do curso, escolas e professores poder\u00e3o tirar d\u00favidas pelo correio eletr\u00f4nico <a href=\"mailto:prevencao@cead.unb.br\">prevencao@cead.unb.br<\/a> Este endere\u00e7o de e-mail est\u00e1 protegido contra spambots. Voc\u00ea deve habilitar o JavaScript para visualiz\u00e1-lo. <script type=\"text\/javascript\"><\/p>\n<p><\/script>e pelos telefones (61) 3340-8561 e 3349-6007.<\/p>\n<p><strong>Trajet\u00f3ria<\/strong> \u2013 Em 2004, o Minist\u00e9rio da Educa\u00e7\u00e3o e a Secretaria Nacional de Pol\u00edticas sobre Drogas (Senad), do Gabinete de Seguran\u00e7a Institucional da Presid\u00eancia da Rep\u00fablica, criaram um projeto-piloto de forma\u00e7\u00e3o de professores na tem\u00e1tica da preven\u00e7\u00e3o do uso de drogas nas escolas p\u00fablicas. O curso teve a participa\u00e7\u00e3o de cinco mil educadores de todas as regi\u00f5es do pa\u00eds; em 2006, a forma\u00e7\u00e3o atendeu 20 mil educadores; e este ano, 25 mil. Desde 2004, o curso \u00e9 feito em parceria com a UnB.<\/p>\n<p>Ionice Lorenzoni<\/p>\n<p>MEC<\/p>\n","protected":false},"excerpt":{"rendered":"<p>Mais 25 mil educadores, entre eles, professores, coordenadores e gestores das escolas p\u00fablicas, t\u00eam este ano oportunidade de conhecer, discutir, tirar d\u00favidas e trocar informa\u00e7\u00f5es com especialistas sobre a preven\u00e7\u00e3o do uso de drogas nas escolas. O curso Preven\u00e7\u00e3o do Uso de Drogas, gratuito e a dist\u00e2ncia, \u00e9 oferecido pelo Minist\u00e9rio da Educa\u00e7\u00e3o e pela [&hellip;]<\/p>\n","protected":false},"author":3,"featured_media":0,"comment_status":"open","ping_status":"open","sticky":false,"template":"","format":"standard","meta":{"tdm_status":"","tdm_grid_status":"","footnotes":""},"categories":[22],"tags":[],"class_list":{"0":"post-3593","1":"post","2":"type-post","3":"status-publish","4":"format-standard","6":"category-brasil"},"_links":{"self":[{"href":"https:\/\/migracao.redenoticia.com.br\/noticia\/wp-json\/wp\/v2\/posts\/3593","targetHints":{"allow":["GET"]}}],"collection":[{"href":"https:\/\/migracao.redenoticia.com.br\/noticia\/wp-json\/wp\/v2\/posts"}],"about":[{"href":"https:\/\/migracao.redenoticia.com.br\/noticia\/wp-json\/wp\/v2\/types\/post"}],"author":[{"embeddable":true,"href":"https:\/\/migracao.redenoticia.com.br\/noticia\/wp-json\/wp\/v2\/users\/3"}],"replies":[{"embeddable":true,"href":"https:\/\/migracao.redenoticia.com.br\/noticia\/wp-json\/wp\/v2\/comments?post=3593"}],"version-history":[{"count":0,"href":"https:\/\/migracao.redenoticia.com.br\/noticia\/wp-json\/wp\/v2\/posts\/3593\/revisions"}],"wp:attachment":[{"href":"https:\/\/migracao.redenoticia.com.br\/noticia\/wp-json\/wp\/v2\/media?parent=3593"}],"wp:term":[{"taxonomy":"category","embeddable":true,"href":"https:\/\/migracao.redenoticia.com.br\/noticia\/wp-json\/wp\/v2\/categories?post=3593"},{"taxonomy":"post_tag","embeddable":true,"href":"https:\/\/migracao.redenoticia.com.br\/noticia\/wp-json\/wp\/v2\/tags?post=3593"}],"curies":[{"name":"wp","href":"https:\/\/api.w.org\/{rel}","templated":true}]}}