{"id":35944,"date":"2011-07-25T12:21:39","date_gmt":"2011-07-25T16:21:39","guid":{"rendered":"http:\/\/www.redenoticia.com.br\/noticia\/?p=35944"},"modified":"2011-07-25T12:21:39","modified_gmt":"2011-07-25T16:21:39","slug":"lista-de-aprovados-em-terceira-chamada-para-o-prouni","status":"publish","type":"post","link":"https:\/\/migracao.redenoticia.com.br\/noticia\/2011\/lista-de-aprovados-em-terceira-chamada-para-o-prouni\/35944","title":{"rendered":"Lista de aprovados em terceira chamada para o ProUni"},"content":{"rendered":"<p><img loading=\"lazy\" decoding=\"async\" class=\"alignleft size-full wp-image-23011\" title=\"prouni resultado inscricao\" src=\"https:\/\/migracao.redenoticia.com.br\/noticia\/imagens\/prouni-inscricao.jpg\" alt=\"\" width=\"300\" height=\"193\" srcset=\"https:\/\/migracao.redenoticia.com.br\/noticia\/imagens\/prouni-inscricao.jpg 300w, https:\/\/migracao.redenoticia.com.br\/noticia\/imagens\/prouni-inscricao-250x160.jpg 250w, https:\/\/migracao.redenoticia.com.br\/noticia\/imagens\/prouni-inscricao-150x96.jpg 150w\" sizes=\"auto, (max-width: 300px) 100vw, 300px\" \/>Bras\u00edlia &#8211; O Minist\u00e9rio da Educa\u00e7\u00e3o (MEC) divulga hoje (25) a lista dos candidatos pr\u00e9-selecionados em terceira chamada para receber uma bolsa do Programa Universidade para Todos (<em><strong>ProUni<\/strong><\/em>). Os aprovados devem comparecer \u00e0s institui\u00e7\u00f5es de ensino para as quais foram selecionados at\u00e9 29 de julho a fim de comprovar os dados fornecidos nas inscri\u00e7\u00f5es. A lista dos documentos que precisam ser apresentados est\u00e1 dispon\u00edvel no <a href=\"http:\/\/siteprouni.mec.gov.br\/\" rel=\"nofollow\" target=\"_blank\">site do ProUni<\/a>.<\/p>\n<p>Se ainda houver bolsas dispon\u00edveis, ser\u00e1 gerada uma lista de espera que poder\u00e1 ser utilizada pelas institui\u00e7\u00f5es de ensino para preench\u00ea-las. Os interessados em fazer parte da lista dever\u00e3o manifestar seu interesse no site do programa, no per\u00edodo de 6 e 8 de agosto.<\/p>\n<p>Para receber uma bolsa do ProUni, o aluno precisa ter cursado todo o ensino m\u00e9dio em escola p\u00fablica ou estabelecimento privado com bolsa. Tamb\u00e9m \u00e9 necess\u00e1rio ter feito o Exame Nacional do Ensino M\u00e9dio (Enem) de 2010 e atender aos crit\u00e9rios de renda do programa. O benef\u00edcio integral pode ser pleiteado por candidatos com renda familiar per capita mensal de at\u00e9 1,5 sal\u00e1rio m\u00ednimo. As parciais s\u00e3o destinadas a estudantes com renda familiar per capita de at\u00e9 tr\u00eas sal\u00e1rio m\u00ednimos.<\/p>\n<p>Para o primeiro semestre de 2011 foram disponibilizadas 92 mil bolsas em institui\u00e7\u00f5es privadas de ensino superior.<\/p>\n<p>Amanda Cieglinski<br \/>\nRep\u00f3rter da Ag\u00eancia Brasil<\/p>\n<p>Edi\u00e7\u00e3o: Juliana Andrade<\/p>\n","protected":false},"excerpt":{"rendered":"<p>Bras\u00edlia &#8211; O Minist\u00e9rio da Educa\u00e7\u00e3o (MEC) divulga hoje (25) a lista dos candidatos pr\u00e9-selecionados em terceira chamada para receber uma bolsa do Programa Universidade para Todos (ProUni). Os aprovados devem comparecer \u00e0s institui\u00e7\u00f5es de ensino para as quais foram selecionados at\u00e9 29 de julho a fim de comprovar os dados fornecidos nas inscri\u00e7\u00f5es. A [&hellip;]<\/p>\n","protected":false},"author":3,"featured_media":23011,"comment_status":"open","ping_status":"closed","sticky":false,"template":"","format":"standard","meta":{"tdm_status":"","tdm_grid_status":"","footnotes":""},"categories":[22,370,295],"tags":[],"class_list":{"0":"post-35944","1":"post","2":"type-post","3":"status-publish","4":"format-standard","5":"has-post-thumbnail","7":"category-brasil","8":"category-inscricao","9":"category-vestibular"},"_links":{"self":[{"href":"https:\/\/migracao.redenoticia.com.br\/noticia\/wp-json\/wp\/v2\/posts\/35944","targetHints":{"allow":["GET"]}}],"collection":[{"href":"https:\/\/migracao.redenoticia.com.br\/noticia\/wp-json\/wp\/v2\/posts"}],"about":[{"href":"https:\/\/migracao.redenoticia.com.br\/noticia\/wp-json\/wp\/v2\/types\/post"}],"author":[{"embeddable":true,"href":"https:\/\/migracao.redenoticia.com.br\/noticia\/wp-json\/wp\/v2\/users\/3"}],"replies":[{"embeddable":true,"href":"https:\/\/migracao.redenoticia.com.br\/noticia\/wp-json\/wp\/v2\/comments?post=35944"}],"version-history":[{"count":0,"href":"https:\/\/migracao.redenoticia.com.br\/noticia\/wp-json\/wp\/v2\/posts\/35944\/revisions"}],"wp:featuredmedia":[{"embeddable":true,"href":"https:\/\/migracao.redenoticia.com.br\/noticia\/wp-json\/wp\/v2\/media\/23011"}],"wp:attachment":[{"href":"https:\/\/migracao.redenoticia.com.br\/noticia\/wp-json\/wp\/v2\/media?parent=35944"}],"wp:term":[{"taxonomy":"category","embeddable":true,"href":"https:\/\/migracao.redenoticia.com.br\/noticia\/wp-json\/wp\/v2\/categories?post=35944"},{"taxonomy":"post_tag","embeddable":true,"href":"https:\/\/migracao.redenoticia.com.br\/noticia\/wp-json\/wp\/v2\/tags?post=35944"}],"curies":[{"name":"wp","href":"https:\/\/api.w.org\/{rel}","templated":true}]}}