{"id":35982,"date":"2011-07-27T14:59:01","date_gmt":"2011-07-27T18:59:01","guid":{"rendered":"http:\/\/www.redenoticia.com.br\/noticia\/?p=35982"},"modified":"2011-07-27T14:59:01","modified_gmt":"2011-07-27T18:59:01","slug":"protesto-deve-marcar-sorteio-das-eliminatorias-da-copa-de-2014","status":"publish","type":"post","link":"https:\/\/migracao.redenoticia.com.br\/noticia\/2011\/protesto-deve-marcar-sorteio-das-eliminatorias-da-copa-de-2014\/35982","title":{"rendered":"Protesto deve marcar sorteio das eliminat\u00f3rias da Copa de 2014"},"content":{"rendered":"<p><img loading=\"lazy\" decoding=\"async\" class=\"alignleft size-full wp-image-30249\" title=\"copa do mundo 2014\" src=\"https:\/\/migracao.redenoticia.com.br\/noticia\/imagens\/copa-do-mundo-2014.jpg\" alt=\"\" width=\"300\" height=\"193\" srcset=\"https:\/\/migracao.redenoticia.com.br\/noticia\/imagens\/copa-do-mundo-2014.jpg 300w, https:\/\/migracao.redenoticia.com.br\/noticia\/imagens\/copa-do-mundo-2014-250x161.jpg 250w, https:\/\/migracao.redenoticia.com.br\/noticia\/imagens\/copa-do-mundo-2014-150x97.jpg 150w\" sizes=\"auto, (max-width: 300px) 100vw, 300px\" \/>Rio de Janeiro &#8211; Para criticar as remo\u00e7\u00f5es for\u00e7adas e a falta de transpar\u00eancia nas obras para a <em><strong>Copa do Mundo de 2014<\/strong><\/em>, movimentos sociais organizam um protesto que deve ocorrer paralelamente ao sorteio das eliminat\u00f3rias do Mundial, marcado para o pr\u00f3ximo s\u00e1bado (30), no Rio. A inten\u00e7\u00e3o \u00e9 mobilizar 2 mil pessoas para a manifesta\u00e7\u00e3o. O grupo far\u00e1 uma caminhada at\u00e9 a sede do evento promovido pela Federa\u00e7\u00e3o Internacional de Futebol (Fifa), na Marina da Gl\u00f3ria, no Centro. A concentra\u00e7\u00e3o est\u00e1 prevista para as 10h no Largo do Machado.<\/p>\n<p>O protesto \u00e9 organizado pelo Comit\u00ea Social da Copa 2014 e dos Jogos Ol\u00edmpicos que aproveita o primeiro grande evento antes do Mundial para chamar a aten\u00e7\u00e3o da imprensa internacional. &#8220;A nossa quest\u00e3o n\u00e3o \u00e9 o evento em si, mas os problemas que est\u00e3o trazendo para quem mora aqui, principalmente para quem \u00e9 pobre e ser\u00e1 removido&#8221;, afirmou Marcelo Braga Edmundo, coordenador da Central de Movimentos Populares e um dos organizadores da manifesta\u00e7\u00e3o.<\/p>\n<p>Segundo dados do comit\u00ea social e da Plataforma Brasileira de Direitos Humanos, Econ\u00f4micos, Sociais e Culturais (Dhesca), mais de 20 mil pessoas de oito comunidades ter\u00e3o que ser desalojadas para obras at\u00e9 as Olimp\u00edadas. &#8220;A maioria, na zona oeste, na Barra da Tijuca &#8211; epicentro dos jogos &#8211; ou no entorno das vias expressas que ser\u00e3o abertas para os est\u00e1dios do Engenh\u00e3o e Maracan\u00e3 e a Transcarioca [ligando o aeroporto internacional \u00e0 zona oeste]&#8221;, disse Marcelo Edmundo.<\/p>\n<p>O Minist\u00e9rio P\u00fablico Estadual questiona os procedimento de remo\u00e7\u00e3o, &#8220;em total desacordo com as leis e com a Constitui\u00e7\u00e3o&#8221;, segundo o subprocurador Leonardo Chaves, e avalia medidas judiciais contra a prefeitura. O subprocurador, que colheu relato de habitantes em v\u00e1rias comunidades, destaca que a Secretaria de Habita\u00e7\u00e3o Municipal n\u00e3o ofereceu alternativa de moradia ou indeniza\u00e7\u00e3o suficiente nas comunidades despejadas de Vila Harmonia, Restinga e Recreio 2, na zona oeste, por exemplo.<\/p>\n<p>&#8220;A prefeitura n\u00e3o est\u00e1 pagando as indeniza\u00e7\u00f5es e os alugu\u00e9is sociais. Quando o faz, \u00e9 em valor irris\u00f3rio e por pouco tempo. As pessoas n\u00e3o conseguem comprar ou alugar casas, j\u00e1 que, com at\u00e9 R$ 400, t\u00eam dificuldades de arrumar fiador&#8221;, afirmou o subprocurador. &#8220;Fam\u00edlias n\u00e3o conseguir\u00e3o se instalar em bairros estruturados e os efeitos nefastos dessa pol\u00edtica ser\u00e3o sentidos ao longo do tempo, com mais comunidades em \u00e1reas de risco, por exemplo&#8221;, advertiu.<\/p>\n<p>Integrante do Comit\u00ea Social da Copa, o professor da Universidade Federal do Rio de Janeiro (UFRJ) Carlos Vainer tamb\u00e9m questiona os custos com as obras do Mundial. Segundo ele, s\u00f3 a reforma do Maracan\u00e3, que passou por recentes reparos nos Jogos Pan Americanos, h\u00e1 quatro anos, teve o valor inicial triplicado. Para ele, falta transpar\u00eancia com os gastos p\u00fablicos. &#8220;A situa\u00e7\u00e3o \u00e9 realmente grave. O processo todo \u00e9 marcado por absoluta falta de informa\u00e7\u00e3o, transpar\u00eancia, impossibilitando qualquer tipo de controle social ou p\u00fablico&#8221;, afirmou Vainer.<\/p>\n<p>O Comit\u00ea Organizador da Copa do Mundo de 2014, que prepara uma grande festa para o sorteio das eliminat\u00f3rias, no s\u00e1bado, com as 166 sele\u00e7\u00f5es participantes do Mundial e a presen\u00e7a de v\u00e1rios artistas, n\u00e3o retornou \u00e0s insistentes tentativas de contato da Ag\u00eancia Brasil.<\/p>\n<p>A Secretaria Municipal de Habita\u00e7\u00e3o tamb\u00e9m n\u00e3o respondeu \u00e0 reportagem da Ag\u00eancia Brasil.<\/p>\n<p>Isabela Vieira<\/p>\n<p>Rep\u00f3rter da Ag\u00eancia Brasil<\/p>\n<p>Edi\u00e7\u00e3o: L\u00edlian Beraldo<\/p>\n","protected":false},"excerpt":{"rendered":"<p>Rio de Janeiro &#8211; Para criticar as remo\u00e7\u00f5es for\u00e7adas e a falta de transpar\u00eancia nas obras para a Copa do Mundo de 2014, movimentos sociais organizam um protesto que deve ocorrer paralelamente ao sorteio das eliminat\u00f3rias do Mundial, marcado para o pr\u00f3ximo s\u00e1bado (30), no Rio. A inten\u00e7\u00e3o \u00e9 mobilizar 2 mil pessoas para a [&hellip;]<\/p>\n","protected":false},"author":3,"featured_media":30249,"comment_status":"open","ping_status":"closed","sticky":false,"template":"","format":"standard","meta":{"tdm_status":"","tdm_grid_status":"","footnotes":""},"categories":[22],"tags":[],"class_list":{"0":"post-35982","1":"post","2":"type-post","3":"status-publish","4":"format-standard","5":"has-post-thumbnail","7":"category-brasil"},"_links":{"self":[{"href":"https:\/\/migracao.redenoticia.com.br\/noticia\/wp-json\/wp\/v2\/posts\/35982","targetHints":{"allow":["GET"]}}],"collection":[{"href":"https:\/\/migracao.redenoticia.com.br\/noticia\/wp-json\/wp\/v2\/posts"}],"about":[{"href":"https:\/\/migracao.redenoticia.com.br\/noticia\/wp-json\/wp\/v2\/types\/post"}],"author":[{"embeddable":true,"href":"https:\/\/migracao.redenoticia.com.br\/noticia\/wp-json\/wp\/v2\/users\/3"}],"replies":[{"embeddable":true,"href":"https:\/\/migracao.redenoticia.com.br\/noticia\/wp-json\/wp\/v2\/comments?post=35982"}],"version-history":[{"count":0,"href":"https:\/\/migracao.redenoticia.com.br\/noticia\/wp-json\/wp\/v2\/posts\/35982\/revisions"}],"wp:featuredmedia":[{"embeddable":true,"href":"https:\/\/migracao.redenoticia.com.br\/noticia\/wp-json\/wp\/v2\/media\/30249"}],"wp:attachment":[{"href":"https:\/\/migracao.redenoticia.com.br\/noticia\/wp-json\/wp\/v2\/media?parent=35982"}],"wp:term":[{"taxonomy":"category","embeddable":true,"href":"https:\/\/migracao.redenoticia.com.br\/noticia\/wp-json\/wp\/v2\/categories?post=35982"},{"taxonomy":"post_tag","embeddable":true,"href":"https:\/\/migracao.redenoticia.com.br\/noticia\/wp-json\/wp\/v2\/tags?post=35982"}],"curies":[{"name":"wp","href":"https:\/\/api.w.org\/{rel}","templated":true}]}}