{"id":3619,"date":"2009-06-24T16:53:59","date_gmt":"2009-06-24T20:53:59","guid":{"rendered":"http:\/\/www.redenoticia.com.br\/noticia\/?p=3619"},"modified":"2009-06-24T16:53:59","modified_gmt":"2009-06-24T20:53:59","slug":"procampo-recebe-propostas-ate-30-de-junho","status":"publish","type":"post","link":"https:\/\/migracao.redenoticia.com.br\/noticia\/2009\/procampo-recebe-propostas-ate-30-de-junho\/3619","title":{"rendered":"Procampo recebe propostas at\u00e9 30 de junho"},"content":{"rendered":"<p style=\"margin: 0cm 0cm 0.0001pt;\"><strong><span style=\"font-size: 11pt; font-family: Arial; color: windowtext;\"><\/span><\/strong><span style=\"font-size: 11pt; font-family: Arial; color: windowtext;\"> <\/span><\/p>\n<p style=\"margin: 0cm 0cm 0.0001pt;\"><span style=\"font-size: 11pt; font-family: Arial; color: windowtext;\"> <\/span><\/p>\n<p style=\"margin: 0cm 0cm 0.0001pt;\"><span style=\"font-size: 11pt; font-family: Arial; color: windowtext;\">As propostas para o Programa de Apoio \u00e0 Forma\u00e7\u00e3o Superior em Licenciatura em Educa\u00e7\u00e3o do Campo (Procampo) podem ser enviadas at\u00e9 30 de junho. <\/span><\/p>\n<p style=\"margin: 0cm 0cm 0.0001pt;\">\n<p style=\"margin: 0cm 0cm 0.0001pt;\"><span style=\"font-size: 11pt; font-family: Arial; color: windowtext;\">O objetivo do programa \u00e9 formar cerca de 30 mil professores sem gradua\u00e7\u00e3o, que lecionam nas escolas rurais. Universidades p\u00fablicas federais, estaduais e municipais podem aderir ao projeto. <\/span><\/p>\n<p style=\"margin: 0cm 0cm 0.0001pt;\">\n<p style=\"margin: 0cm 0cm 0.0001pt;\"><span style=\"font-size: 11pt; font-family: Arial; color: windowtext;\">O incentivo para as universidades \u00e9 a transfer\u00eancia de R$ 240 mil por ano para cada turma de 60 cursistas que a institui\u00e7\u00e3o organizar, durante quatro anos. O cadastro das institui\u00e7\u00f5es na Rede de Educa\u00e7\u00e3o para a Diversidade deve ser feito pela <a href=\"http:\/\/portal.mec.gov.br\/index.php?option=com_content&amp;view=article&amp;id=12395&amp;Itemid=677\"><span style=\"color: windowtext;\">internet<\/span><\/a>, mas os planos de trabalho devem ser enviados pelos Correios para o seguinte endere\u00e7o: Diretoria de Educa\u00e7\u00e3o para a Diversidade e Cidadania \u2013 Coordena\u00e7\u00e3o-Geral de Educa\u00e7\u00e3o do Campo \u2013 SGAS \u2013 Quadra 607, Lote 50, Edif\u00edcio CNE, sala 104 \u2013 CEP 70200-670 \u2013 Bras\u00edlia-DF.<\/span><\/p>\n<div style=\"border-style: none none solid; border-color: -moz-use-text-color -moz-use-text-color #cfcfcf; border-width: medium medium 1pt; padding: 0cm 0cm 7pt;\">\n<p style=\"border: medium none ; padding: 0cm;\"><span style=\"font-size: 11pt; font-family: Arial;\">Fonte MEC<\/span><\/p>\n<\/div>\n","protected":false},"excerpt":{"rendered":"<p>As propostas para o Programa de Apoio \u00e0 Forma\u00e7\u00e3o Superior em Licenciatura em Educa\u00e7\u00e3o do Campo (Procampo) podem ser enviadas at\u00e9 30 de junho. O objetivo do programa \u00e9 formar cerca de 30 mil professores sem gradua\u00e7\u00e3o, que lecionam nas escolas rurais. Universidades p\u00fablicas federais, estaduais e municipais podem aderir ao projeto. O incentivo para [&hellip;]<\/p>\n","protected":false},"author":3,"featured_media":0,"comment_status":"open","ping_status":"open","sticky":false,"template":"","format":"standard","meta":{"tdm_status":"","tdm_grid_status":"","footnotes":""},"categories":[22],"tags":[],"class_list":{"0":"post-3619","1":"post","2":"type-post","3":"status-publish","4":"format-standard","6":"category-brasil"},"_links":{"self":[{"href":"https:\/\/migracao.redenoticia.com.br\/noticia\/wp-json\/wp\/v2\/posts\/3619","targetHints":{"allow":["GET"]}}],"collection":[{"href":"https:\/\/migracao.redenoticia.com.br\/noticia\/wp-json\/wp\/v2\/posts"}],"about":[{"href":"https:\/\/migracao.redenoticia.com.br\/noticia\/wp-json\/wp\/v2\/types\/post"}],"author":[{"embeddable":true,"href":"https:\/\/migracao.redenoticia.com.br\/noticia\/wp-json\/wp\/v2\/users\/3"}],"replies":[{"embeddable":true,"href":"https:\/\/migracao.redenoticia.com.br\/noticia\/wp-json\/wp\/v2\/comments?post=3619"}],"version-history":[{"count":0,"href":"https:\/\/migracao.redenoticia.com.br\/noticia\/wp-json\/wp\/v2\/posts\/3619\/revisions"}],"wp:attachment":[{"href":"https:\/\/migracao.redenoticia.com.br\/noticia\/wp-json\/wp\/v2\/media?parent=3619"}],"wp:term":[{"taxonomy":"category","embeddable":true,"href":"https:\/\/migracao.redenoticia.com.br\/noticia\/wp-json\/wp\/v2\/categories?post=3619"},{"taxonomy":"post_tag","embeddable":true,"href":"https:\/\/migracao.redenoticia.com.br\/noticia\/wp-json\/wp\/v2\/tags?post=3619"}],"curies":[{"name":"wp","href":"https:\/\/api.w.org\/{rel}","templated":true}]}}