{"id":36293,"date":"2011-08-22T13:22:40","date_gmt":"2011-08-22T17:22:40","guid":{"rendered":"http:\/\/www.redenoticia.com.br\/noticia\/?p=36293"},"modified":"2011-08-22T13:22:40","modified_gmt":"2011-08-22T17:22:40","slug":"unifesp-entra-na-lista-das-500-melhores-do-mundo","status":"publish","type":"post","link":"https:\/\/migracao.redenoticia.com.br\/noticia\/2011\/unifesp-entra-na-lista-das-500-melhores-do-mundo\/36293","title":{"rendered":"Unifesp entra na lista das 500 melhores do mundo"},"content":{"rendered":"<p><img loading=\"lazy\" decoding=\"async\" class=\"alignleft size-full wp-image-36244\" title=\"aluno vestibular\" src=\"https:\/\/migracao.redenoticia.com.br\/noticia\/imagens\/aluno-vestibular.jpg\" alt=\"\" width=\"300\" height=\"193\" srcset=\"https:\/\/migracao.redenoticia.com.br\/noticia\/imagens\/aluno-vestibular.jpg 300w, https:\/\/migracao.redenoticia.com.br\/noticia\/imagens\/aluno-vestibular-250x161.jpg 250w, https:\/\/migracao.redenoticia.com.br\/noticia\/imagens\/aluno-vestibular-150x97.jpg 150w\" sizes=\"auto, (max-width: 300px) 100vw, 300px\" \/>O ministro da Educa\u00e7\u00e3o, Fernando Haddad, informou que a Universidade Federal de S\u00e3o Paulo (<em><strong>Unifesp<\/strong><\/em>) foi inserida no <em><strong>ranking<\/strong><\/em> das 500 melhores institui\u00e7\u00f5es universit\u00e1rias do mundo, divulgado esta semana pela Universidade de Jiao Tong, na China. O ranking Acad\u00eamico de Universidades Mundiais (ARWU, sigla em ingl\u00eas) \u00e9 publicado anualmente. O n\u00famero de professores, pr\u00eamios e artigos publicados em revistas cient\u00edficas s\u00e3o alguns dos indicadores de qualidade avaliados pelo estudo.<\/p>\n<p>Haddad disse que este fato j\u00e1 \u00e9 o resultado da pol\u00edtica do governo federal de apoio \u00e0s universidades e aos institutos federais. \u201cCom efeito, dobramos o n\u00famero de vagas, criamos mais de 120 c\u00e2mpus universit\u00e1rios e interiorizamos o ensino superior\u201d, disse o ministro.<\/p>\n<p>O ministro lembrou que a presen\u00e7a federal em S\u00e3o Paulo historicamente sempre foi p\u00edfia. \u201cHavia a Escola Paulista de Medicina e a escola de engenharia de S\u00e3o Carlos. Nada mais. Hoje, h\u00e1 tr\u00eas universidades \u2013 a Unifesp, a UFABC (Federal do ABC) e a Ufscar (Federal de S\u00e3o Carlos), com diversos c\u00e2mpus, e o Instituto Federal de S\u00e3o Paulo, que em 2003 possu\u00eda duas unidades, uma na capital e outra em Cubat\u00e3o. Agora ser\u00e3o 37 campus e mais de 40 mil alunos.\u201d<\/p>\n<p>Especificamente sobre o Vale do Para\u00edba, Haddad lembrou que, al\u00e9m da nova escola que surgir\u00e1 no pr\u00e9dio doado pela Petrobr\u00e1s, o Instituto Federal tem campus em Caraguatatuba, no Litoral Norte, e Campos do Jord\u00e3o, na Mantiqueira. Tamb\u00e9m ser\u00e3o ministrados cursos em Aparecida do Norte e em breve ser\u00e1 inaugurado o novo campus de Jacare\u00ed. \u201cNossa a\u00e7\u00e3o objetiva \u00e9 trazer a S\u00e3o Paulo as a\u00e7\u00f5es do Governo Federal que prosperam nos outros estados da Uni\u00e3o\u201d, concluiu.<\/p>\n<p>Haddad, que esteve em S\u00e3o Jos\u00e9 dos Campos, a 100 quil\u00f4metros de S\u00e3o Paulo, para receber um pr\u00e9dio onde funcionar\u00e1 o novo campus do Instituto Federal de S\u00e3o Paulo, lembrou ainda que a Unifesp tamb\u00e9m possui um c\u00e2mpus na cidade. \u201cEstamos agora estudando uma forma de ampli\u00e1-lo. Da mesma forma que fomos para Guarulhos, Osasco, Embu das Artes e Santos, vamos procurar crescer aqui no Vale do Para\u00edba.\u201d<\/p>\n<p>Assessoria de Comunica\u00e7\u00e3o Social<\/p>\n","protected":false},"excerpt":{"rendered":"<p>O ministro da Educa\u00e7\u00e3o, Fernando Haddad, informou que a Universidade Federal de S\u00e3o Paulo (Unifesp) foi inserida no ranking das 500 melhores institui\u00e7\u00f5es universit\u00e1rias do mundo, divulgado esta semana pela Universidade de Jiao Tong, na China. O ranking Acad\u00eamico de Universidades Mundiais (ARWU, sigla em ingl\u00eas) \u00e9 publicado anualmente. O n\u00famero de professores, pr\u00eamios e [&hellip;]<\/p>\n","protected":false},"author":3,"featured_media":36244,"comment_status":"open","ping_status":"closed","sticky":false,"template":"","format":"standard","meta":{"tdm_status":"","tdm_grid_status":"","footnotes":""},"categories":[22,370,295],"tags":[],"class_list":{"0":"post-36293","1":"post","2":"type-post","3":"status-publish","4":"format-standard","5":"has-post-thumbnail","7":"category-brasil","8":"category-inscricao","9":"category-vestibular"},"_links":{"self":[{"href":"https:\/\/migracao.redenoticia.com.br\/noticia\/wp-json\/wp\/v2\/posts\/36293","targetHints":{"allow":["GET"]}}],"collection":[{"href":"https:\/\/migracao.redenoticia.com.br\/noticia\/wp-json\/wp\/v2\/posts"}],"about":[{"href":"https:\/\/migracao.redenoticia.com.br\/noticia\/wp-json\/wp\/v2\/types\/post"}],"author":[{"embeddable":true,"href":"https:\/\/migracao.redenoticia.com.br\/noticia\/wp-json\/wp\/v2\/users\/3"}],"replies":[{"embeddable":true,"href":"https:\/\/migracao.redenoticia.com.br\/noticia\/wp-json\/wp\/v2\/comments?post=36293"}],"version-history":[{"count":0,"href":"https:\/\/migracao.redenoticia.com.br\/noticia\/wp-json\/wp\/v2\/posts\/36293\/revisions"}],"wp:featuredmedia":[{"embeddable":true,"href":"https:\/\/migracao.redenoticia.com.br\/noticia\/wp-json\/wp\/v2\/media\/36244"}],"wp:attachment":[{"href":"https:\/\/migracao.redenoticia.com.br\/noticia\/wp-json\/wp\/v2\/media?parent=36293"}],"wp:term":[{"taxonomy":"category","embeddable":true,"href":"https:\/\/migracao.redenoticia.com.br\/noticia\/wp-json\/wp\/v2\/categories?post=36293"},{"taxonomy":"post_tag","embeddable":true,"href":"https:\/\/migracao.redenoticia.com.br\/noticia\/wp-json\/wp\/v2\/tags?post=36293"}],"curies":[{"name":"wp","href":"https:\/\/api.w.org\/{rel}","templated":true}]}}