{"id":36297,"date":"2011-08-22T13:34:16","date_gmt":"2011-08-22T17:34:16","guid":{"rendered":"http:\/\/www.redenoticia.com.br\/noticia\/?p=36297"},"modified":"2011-08-22T13:34:16","modified_gmt":"2011-08-22T17:34:16","slug":"trabalhadores-das-obras-do-maracana-retomam-atividades","status":"publish","type":"post","link":"https:\/\/migracao.redenoticia.com.br\/noticia\/2011\/trabalhadores-das-obras-do-maracana-retomam-atividades\/36297","title":{"rendered":"Trabalhadores das obras do Maracan\u00e3 retomam atividades"},"content":{"rendered":"<p><em><strong><img loading=\"lazy\" decoding=\"async\" class=\"alignleft size-full wp-image-30249\" title=\"copa do mundo 2014\" src=\"https:\/\/migracao.redenoticia.com.br\/noticia\/imagens\/copa-do-mundo-2014.jpg\" alt=\"\" width=\"300\" height=\"193\" srcset=\"https:\/\/migracao.redenoticia.com.br\/noticia\/imagens\/copa-do-mundo-2014.jpg 300w, https:\/\/migracao.redenoticia.com.br\/noticia\/imagens\/copa-do-mundo-2014-250x161.jpg 250w, https:\/\/migracao.redenoticia.com.br\/noticia\/imagens\/copa-do-mundo-2014-150x97.jpg 150w\" sizes=\"auto, (max-width: 300px) 100vw, 300px\" \/>Copa 2014<\/strong><\/em> &#8211; Terminou hoje (22) a greve dos cerca de 2 mil trabalhadores que fazem a reforma do Est\u00e1dio do Maracan\u00e3. A paralisa\u00e7\u00e3o come\u00e7ou depois de um acidente na \u00faltima quarta-feira (17). Entre as reivindica\u00e7\u00f5es estavam o aumento no valor da cesta b\u00e1sica, plano de sa\u00fade extensivo \u00e0s fam\u00edlias e mais seguran\u00e7a no local de trabalho.<\/p>\n<p>Para o presidente do Sindicato dos Trabalhadores nas Ind\u00fastrias da Constru\u00e7\u00e3o Pesada Intermunicipal do Rio de Janeiro (Sitraicp), Nilson Duarte Costa, o atendimento dos pedidos dos trabalhadores e a extens\u00e3o do plano de sa\u00fade para os parentes foram determinantes para a retomada das obras. \u201cEsses pontos foram cruciais para eles retornarem ao trabalho\u201d, destacou.<\/p>\n<p>Nilson Duarte disse tamb\u00e9m que ficou acertado que o Cons\u00f3rcio Rio 2014, que re\u00fane as empresas respons\u00e1veis pela obra, n\u00e3o vai descontar os dias n\u00e3o trabalhados pelos oper\u00e1rios. Segundo ele, a paralisa\u00e7\u00e3o n\u00e3o afetou o cronograma de entrega do Maracan\u00e3 para a Copa das Confedera\u00e7\u00f5es em 2013.<\/p>\n<p>Da Ag\u00eancia Brasil<\/p>\n<p>Edi\u00e7\u00e3o: Talita Cavalcante<\/p>\n","protected":false},"excerpt":{"rendered":"<p>Copa 2014 &#8211; Terminou hoje (22) a greve dos cerca de 2 mil trabalhadores que fazem a reforma do Est\u00e1dio do Maracan\u00e3. A paralisa\u00e7\u00e3o come\u00e7ou depois de um acidente na \u00faltima quarta-feira (17). Entre as reivindica\u00e7\u00f5es estavam o aumento no valor da cesta b\u00e1sica, plano de sa\u00fade extensivo \u00e0s fam\u00edlias e mais seguran\u00e7a no local [&hellip;]<\/p>\n","protected":false},"author":3,"featured_media":30249,"comment_status":"open","ping_status":"closed","sticky":false,"template":"","format":"standard","meta":{"tdm_status":"","tdm_grid_status":"","footnotes":""},"categories":[22],"tags":[],"class_list":{"0":"post-36297","1":"post","2":"type-post","3":"status-publish","4":"format-standard","5":"has-post-thumbnail","7":"category-brasil"},"_links":{"self":[{"href":"https:\/\/migracao.redenoticia.com.br\/noticia\/wp-json\/wp\/v2\/posts\/36297","targetHints":{"allow":["GET"]}}],"collection":[{"href":"https:\/\/migracao.redenoticia.com.br\/noticia\/wp-json\/wp\/v2\/posts"}],"about":[{"href":"https:\/\/migracao.redenoticia.com.br\/noticia\/wp-json\/wp\/v2\/types\/post"}],"author":[{"embeddable":true,"href":"https:\/\/migracao.redenoticia.com.br\/noticia\/wp-json\/wp\/v2\/users\/3"}],"replies":[{"embeddable":true,"href":"https:\/\/migracao.redenoticia.com.br\/noticia\/wp-json\/wp\/v2\/comments?post=36297"}],"version-history":[{"count":0,"href":"https:\/\/migracao.redenoticia.com.br\/noticia\/wp-json\/wp\/v2\/posts\/36297\/revisions"}],"wp:featuredmedia":[{"embeddable":true,"href":"https:\/\/migracao.redenoticia.com.br\/noticia\/wp-json\/wp\/v2\/media\/30249"}],"wp:attachment":[{"href":"https:\/\/migracao.redenoticia.com.br\/noticia\/wp-json\/wp\/v2\/media?parent=36297"}],"wp:term":[{"taxonomy":"category","embeddable":true,"href":"https:\/\/migracao.redenoticia.com.br\/noticia\/wp-json\/wp\/v2\/categories?post=36297"},{"taxonomy":"post_tag","embeddable":true,"href":"https:\/\/migracao.redenoticia.com.br\/noticia\/wp-json\/wp\/v2\/tags?post=36297"}],"curies":[{"name":"wp","href":"https:\/\/api.w.org\/{rel}","templated":true}]}}