{"id":36299,"date":"2011-08-22T13:41:04","date_gmt":"2011-08-22T17:41:04","guid":{"rendered":"http:\/\/www.redenoticia.com.br\/noticia\/?p=36299"},"modified":"2011-08-22T13:41:04","modified_gmt":"2011-08-22T17:41:04","slug":"ministerio-vai-divulgar-em-15-dias-os-dados-do-enem-2010-por-escola","status":"publish","type":"post","link":"https:\/\/migracao.redenoticia.com.br\/noticia\/2011\/ministerio-vai-divulgar-em-15-dias-os-dados-do-enem-2010-por-escola\/36299","title":{"rendered":"Minist\u00e9rio vai divulgar em 15 dias os dados do Enem 2010 por escola"},"content":{"rendered":"<p><img loading=\"lazy\" decoding=\"async\" class=\"alignleft size-full wp-image-19313\" title=\"enem sisu\" src=\"https:\/\/migracao.redenoticia.com.br\/noticia\/imagens\/enem-2009-gabarito.jpg\" alt=\"\" width=\"300\" height=\"193\" srcset=\"https:\/\/migracao.redenoticia.com.br\/noticia\/imagens\/enem-2009-gabarito.jpg 300w, https:\/\/migracao.redenoticia.com.br\/noticia\/imagens\/enem-2009-gabarito-250x160.jpg 250w, https:\/\/migracao.redenoticia.com.br\/noticia\/imagens\/enem-2009-gabarito-150x96.jpg 150w\" sizes=\"auto, (max-width: 300px) 100vw, 300px\" \/>O ministro da Educa\u00e7\u00e3o, Fernando Haddad, informou que os dados do Exame Nacional do Ensino M\u00e9dio (<em><strong>Enem<\/strong><\/em>) de 2010 por escola ser\u00e3o divulgados em 15 dias. Segundo ele, essa divulga\u00e7\u00e3o permitir\u00e1 a avalia\u00e7\u00e3o normal, como feita nos anos anteriores, ou acrescida dos dados de propor\u00e7\u00e3o por escola.<\/p>\n<p>De acordo com o ministro, que proferiu palestra na C\u00e2mara de Vereadores de S\u00e3o Jos\u00e9 dos Campos (SP), no Vale do Para\u00edba, o Instituto Nacional de Estudos e Pesquisas Educacionais (Inep) passar\u00e1 a informar a rela\u00e7\u00e3o, por escola, de alunos que fizeram o exame. \u201cSer\u00e1 um novo dado\u201d, explicou o ministro. \u201cDessa forma, as fam\u00edlias poder\u00e3o avaliar o desempenho real das escolas de seus filhos, na propor\u00e7\u00e3o de alunos inscritos, sem se impressionar com eventual publicidade.\u201d<\/p>\n<p>O ministro disse que a divulga\u00e7\u00e3o habitual continua a mesma. \u201cO atraso nessa divulga\u00e7\u00e3o n\u00e3o tem a ver com este acr\u00e9scimo de informa\u00e7\u00e3o, e sim com o rec\u00e1lculo do \u00edndice de desenvolvimento da educa\u00e7\u00e3o b\u00e1sica (Ideb) por conta da reaplica\u00e7\u00e3o da Prova Brasil em 20 escolas brasileiras\u201d, esclareceu Haddad.<\/p>\n<p>Assessoria de Comunica\u00e7\u00e3o Social<\/p>\n","protected":false},"excerpt":{"rendered":"<p>O ministro da Educa\u00e7\u00e3o, Fernando Haddad, informou que os dados do Exame Nacional do Ensino M\u00e9dio (Enem) de 2010 por escola ser\u00e3o divulgados em 15 dias. Segundo ele, essa divulga\u00e7\u00e3o permitir\u00e1 a avalia\u00e7\u00e3o normal, como feita nos anos anteriores, ou acrescida dos dados de propor\u00e7\u00e3o por escola. De acordo com o ministro, que proferiu palestra [&hellip;]<\/p>\n","protected":false},"author":3,"featured_media":19313,"comment_status":"open","ping_status":"closed","sticky":false,"template":"","format":"standard","meta":{"tdm_status":"","tdm_grid_status":"","footnotes":""},"categories":[22],"tags":[],"class_list":{"0":"post-36299","1":"post","2":"type-post","3":"status-publish","4":"format-standard","5":"has-post-thumbnail","7":"category-brasil"},"_links":{"self":[{"href":"https:\/\/migracao.redenoticia.com.br\/noticia\/wp-json\/wp\/v2\/posts\/36299","targetHints":{"allow":["GET"]}}],"collection":[{"href":"https:\/\/migracao.redenoticia.com.br\/noticia\/wp-json\/wp\/v2\/posts"}],"about":[{"href":"https:\/\/migracao.redenoticia.com.br\/noticia\/wp-json\/wp\/v2\/types\/post"}],"author":[{"embeddable":true,"href":"https:\/\/migracao.redenoticia.com.br\/noticia\/wp-json\/wp\/v2\/users\/3"}],"replies":[{"embeddable":true,"href":"https:\/\/migracao.redenoticia.com.br\/noticia\/wp-json\/wp\/v2\/comments?post=36299"}],"version-history":[{"count":0,"href":"https:\/\/migracao.redenoticia.com.br\/noticia\/wp-json\/wp\/v2\/posts\/36299\/revisions"}],"wp:featuredmedia":[{"embeddable":true,"href":"https:\/\/migracao.redenoticia.com.br\/noticia\/wp-json\/wp\/v2\/media\/19313"}],"wp:attachment":[{"href":"https:\/\/migracao.redenoticia.com.br\/noticia\/wp-json\/wp\/v2\/media?parent=36299"}],"wp:term":[{"taxonomy":"category","embeddable":true,"href":"https:\/\/migracao.redenoticia.com.br\/noticia\/wp-json\/wp\/v2\/categories?post=36299"},{"taxonomy":"post_tag","embeddable":true,"href":"https:\/\/migracao.redenoticia.com.br\/noticia\/wp-json\/wp\/v2\/tags?post=36299"}],"curies":[{"name":"wp","href":"https:\/\/api.w.org\/{rel}","templated":true}]}}