{"id":36304,"date":"2011-08-23T10:20:40","date_gmt":"2011-08-23T14:20:40","guid":{"rendered":"http:\/\/www.redenoticia.com.br\/noticia\/?p=36304"},"modified":"2011-08-23T10:20:40","modified_gmt":"2011-08-23T14:20:40","slug":"prouni-evasao-e-inferior-a-media-nacional","status":"publish","type":"post","link":"https:\/\/migracao.redenoticia.com.br\/noticia\/2011\/prouni-evasao-e-inferior-a-media-nacional\/36304","title":{"rendered":"ProUni &#8211; evas\u00e3o \u00e9 inferior \u00e0 m\u00e9dia nacional"},"content":{"rendered":"<p><em><strong><img loading=\"lazy\" decoding=\"async\" class=\"alignleft size-full wp-image-23011\" title=\"prouni resultado inscricao\" src=\"https:\/\/migracao.redenoticia.com.br\/noticia\/imagens\/prouni-inscricao.jpg\" alt=\"\" width=\"300\" height=\"193\" srcset=\"https:\/\/migracao.redenoticia.com.br\/noticia\/imagens\/prouni-inscricao.jpg 300w, https:\/\/migracao.redenoticia.com.br\/noticia\/imagens\/prouni-inscricao-250x160.jpg 250w, https:\/\/migracao.redenoticia.com.br\/noticia\/imagens\/prouni-inscricao-150x96.jpg 150w\" sizes=\"auto, (max-width: 300px) 100vw, 300px\" \/>ProUni<\/strong><\/em> &#8211; a evas\u00e3o entre os alunos que cursam o ensino superior com bolsa do Programa Universidade para Todos (ProUni) \u00e9 inferior ao percentual observado na totalidade do sistema universit\u00e1rio privado brasileiro. \u00c9 o que aponta estudo realizado pelo Minist\u00e9rio da Educa\u00e7\u00e3o a partir de dados preliminares do censo da educa\u00e7\u00e3o superior de 2010, elaborado pelo Instituto de Pesquisas Educacionais An\u00edsio Teixeira (Inep).<\/p>\n<p>Tendo como refer\u00eancia os anos de 2009 e 2010, observa-se que foi de 15,6% o percentual de alunos que deixaram o ensino superior antes da conclus\u00e3o de seus cursos em institui\u00e7\u00f5es privadas. No mesmo per\u00edodo, entre os alunos contemplados com bolsas do programa do governo federal, esse percentual foi de apenas 4%.<\/p>\n<p>Criado em 2005, o ProUni j\u00e1 concedeu bolsas de estudos para 893.102 estudantes em todo o pa\u00eds. Deste total, 175.215 j\u00e1 se formaram, enquanto 488.819 estudantes est\u00e3o atualmente frequentando cursos superiores como bolsistas do programa.<\/p>\n<p>No per\u00edodo de seis anos e meio, 229.068 bolsistas tiveram o benef\u00edcio encerrado devido a uma s\u00e9rie de motivos, entre eles, a aprova\u00e7\u00e3o em vestibulares de institui\u00e7\u00f5es p\u00fablicas ou transfer\u00eancia para outros cursos. Do total de estudantes que tiveram a bolsa encerrada, 126.562 estudantes prosseguem com matr\u00edculas ativas no ensino superior, segundo dados preliminares do censo 2010, tendo apenas deixado de ser atendidos pelo programa. Os demais 102.506 bolsistas que deixaram o ensino superior representam 11,5% do total de bolsas j\u00e1 concedidas.<\/p>\n<p>O ProUni faz parte do conjunto de a\u00e7\u00f5es do governo federal destinado a abrir as portas do ensino superior a mais 4 milh\u00f5es de jovens. A meta est\u00e1 estabelecida no <a href=\"http:\/\/www.camara.gov.br\/proposicoesWeb\/fichadetramitacao?idProposicao=490116\" target=\"_blank\">projeto<\/a> do Plano Nacional de Educa\u00e7\u00e3o (PNE) para 2011-2020, em an\u00e1lise no Congresso Nacional.<\/p>\n<p>Assessoria de Comunica\u00e7\u00e3o Social<\/p>\n","protected":false},"excerpt":{"rendered":"<p>ProUni &#8211; a evas\u00e3o entre os alunos que cursam o ensino superior com bolsa do Programa Universidade para Todos (ProUni) \u00e9 inferior ao percentual observado na totalidade do sistema universit\u00e1rio privado brasileiro. \u00c9 o que aponta estudo realizado pelo Minist\u00e9rio da Educa\u00e7\u00e3o a partir de dados preliminares do censo da educa\u00e7\u00e3o superior de 2010, elaborado [&hellip;]<\/p>\n","protected":false},"author":3,"featured_media":23011,"comment_status":"open","ping_status":"closed","sticky":false,"template":"","format":"standard","meta":{"tdm_status":"","tdm_grid_status":"","footnotes":""},"categories":[22],"tags":[],"class_list":{"0":"post-36304","1":"post","2":"type-post","3":"status-publish","4":"format-standard","5":"has-post-thumbnail","7":"category-brasil"},"_links":{"self":[{"href":"https:\/\/migracao.redenoticia.com.br\/noticia\/wp-json\/wp\/v2\/posts\/36304","targetHints":{"allow":["GET"]}}],"collection":[{"href":"https:\/\/migracao.redenoticia.com.br\/noticia\/wp-json\/wp\/v2\/posts"}],"about":[{"href":"https:\/\/migracao.redenoticia.com.br\/noticia\/wp-json\/wp\/v2\/types\/post"}],"author":[{"embeddable":true,"href":"https:\/\/migracao.redenoticia.com.br\/noticia\/wp-json\/wp\/v2\/users\/3"}],"replies":[{"embeddable":true,"href":"https:\/\/migracao.redenoticia.com.br\/noticia\/wp-json\/wp\/v2\/comments?post=36304"}],"version-history":[{"count":0,"href":"https:\/\/migracao.redenoticia.com.br\/noticia\/wp-json\/wp\/v2\/posts\/36304\/revisions"}],"wp:featuredmedia":[{"embeddable":true,"href":"https:\/\/migracao.redenoticia.com.br\/noticia\/wp-json\/wp\/v2\/media\/23011"}],"wp:attachment":[{"href":"https:\/\/migracao.redenoticia.com.br\/noticia\/wp-json\/wp\/v2\/media?parent=36304"}],"wp:term":[{"taxonomy":"category","embeddable":true,"href":"https:\/\/migracao.redenoticia.com.br\/noticia\/wp-json\/wp\/v2\/categories?post=36304"},{"taxonomy":"post_tag","embeddable":true,"href":"https:\/\/migracao.redenoticia.com.br\/noticia\/wp-json\/wp\/v2\/tags?post=36304"}],"curies":[{"name":"wp","href":"https:\/\/api.w.org\/{rel}","templated":true}]}}