{"id":36307,"date":"2011-08-23T10:29:32","date_gmt":"2011-08-23T14:29:32","guid":{"rendered":"http:\/\/www.redenoticia.com.br\/noticia\/?p=36307"},"modified":"2011-08-23T10:29:32","modified_gmt":"2011-08-23T14:29:32","slug":"usp-100-mil-mestres-e-doutores","status":"publish","type":"post","link":"https:\/\/migracao.redenoticia.com.br\/noticia\/2011\/usp-100-mil-mestres-e-doutores\/36307","title":{"rendered":"USP &#8211; 100 mil mestres e doutores"},"content":{"rendered":"<p><img loading=\"lazy\" decoding=\"async\" class=\"alignleft size-full wp-image-36246\" title=\"professor a\" src=\"https:\/\/migracao.redenoticia.com.br\/noticia\/imagens\/professor-a.jpg\" alt=\"\" width=\"300\" height=\"193\" srcset=\"https:\/\/migracao.redenoticia.com.br\/noticia\/imagens\/professor-a.jpg 300w, https:\/\/migracao.redenoticia.com.br\/noticia\/imagens\/professor-a-250x161.jpg 250w, https:\/\/migracao.redenoticia.com.br\/noticia\/imagens\/professor-a-150x97.jpg 150w\" sizes=\"auto, (max-width: 300px) 100vw, 300px\" \/>Ag\u00eancia FAPESP \u2013 A Pr\u00f3-Reitoria de P\u00f3s-Gradua\u00e7\u00e3o da Universidade de S\u00e3o Paulo (<em><strong>USP<\/strong><\/em>) lan\u00e7ou nesta segunda-feira (22\/08) um site sobre os 100 mil <em><strong>t\u00edtulos outorgados a mestres e doutores<\/strong><\/em> pela universidade. Nele, os internautas poder\u00e3o saber mais sobre as comemora\u00e7\u00f5es e os debates previstos para celebrar a marca. Os eventos v\u00e3o ocorrer nos dias 7, 9, 10 e 11 de outubro, no Memorial da Am\u00e9rica Latina, nos campi e unidades da USP.<\/p>\n<p>&#8220;Trata-se de um recurso excepcional para nos comunicarmos com efici\u00eancia com nossos docentes e alunos, que poder\u00e3o acompanhar de perto as informa\u00e7\u00f5es sobre os eventos programados, sem descuidar, \u00e9 claro, da comunica\u00e7\u00e3o com o publico externo\u201d, disse Vahan Agopyan, pr\u00f3-reitor de P\u00f3s-Gradua\u00e7\u00e3o e membro do Conselho Superior da FAPESP.<\/p>\n<p>O site traz diversas a\u00e7\u00f5es programadas, entre homenagens, premia\u00e7\u00f5es, atividade cultural e, principalmente, debates para lembrar significativamente os 100 mil t\u00edtulos. Elas est\u00e3o dispon\u00edveis no campo intitulado \u201cPrograma\u00e7\u00e3o\u201d.<\/p>\n<p>Em dez v\u00eddeos, inseridos no campo \u201cPalavra do pr\u00f3-reitor\u201d, Agopyan faz um amplo diagn\u00f3stico sobre o ambiente da P\u00f3s-Gradua\u00e7\u00e3o na USP e no Brasil, al\u00e9m de destacar a import\u00e2ncia estrat\u00e9gica que pode ser atribu\u00edda aos estudos p\u00f3s-graduandos nesta etapa da hist\u00f3ria do pa\u00eds.<\/p>\n<p>No campo \u201cPersonagens\u201d seis ex-pr\u00f3-reitores de P\u00f3s-Gradua\u00e7\u00e3o d\u00e3o depoimentos, tamb\u00e9m em v\u00eddeos. Dois deles tamb\u00e9m foram reitores da USP: Adolpho Jos\u00e9 Melfi e Suely Vilela. J\u00e1 em \u201cPr\u00eamio USP\u201d os internautas poder\u00e3o conhecer o regulamento do Pr\u00eamio Tese Destaque USP 2011, lan\u00e7ado agora no conjunto das comemora\u00e7\u00f5es dos 100 mil t\u00edtulos.<\/p>\n<p>Os outros campos que podem ser encontrados no hotsite s\u00e3o \u201cNot\u00edcias\u201d, \u201cP\u00f3s-hoje\u201d, \u201cConte sua hist\u00f3ria\u201d e \u201cNa m\u00eddia\u201d.<\/p>\n<p>O site foi desenvolvido pela Assessoria de Imprensa da Reitoria e a Divis\u00e3o Midias Online da Coordenadoria de Comunica\u00e7\u00e3o Social da USP.<\/p>\n<p>Mais informa\u00e7\u00f5es: <a href=\"http:\/\/www.prpg.usp.br\/100mil\" target=\"_blank\">www.prpg.usp.br\/100mil<\/a>.<\/p>\n","protected":false},"excerpt":{"rendered":"<p>Ag\u00eancia FAPESP \u2013 A Pr\u00f3-Reitoria de P\u00f3s-Gradua\u00e7\u00e3o da Universidade de S\u00e3o Paulo (USP) lan\u00e7ou nesta segunda-feira (22\/08) um site sobre os 100 mil t\u00edtulos outorgados a mestres e doutores pela universidade. Nele, os internautas poder\u00e3o saber mais sobre as comemora\u00e7\u00f5es e os debates previstos para celebrar a marca. Os eventos v\u00e3o ocorrer nos dias 7, [&hellip;]<\/p>\n","protected":false},"author":3,"featured_media":36246,"comment_status":"open","ping_status":"closed","sticky":false,"template":"","format":"standard","meta":{"tdm_status":"","tdm_grid_status":"","footnotes":""},"categories":[22],"tags":[],"class_list":{"0":"post-36307","1":"post","2":"type-post","3":"status-publish","4":"format-standard","5":"has-post-thumbnail","7":"category-brasil"},"_links":{"self":[{"href":"https:\/\/migracao.redenoticia.com.br\/noticia\/wp-json\/wp\/v2\/posts\/36307","targetHints":{"allow":["GET"]}}],"collection":[{"href":"https:\/\/migracao.redenoticia.com.br\/noticia\/wp-json\/wp\/v2\/posts"}],"about":[{"href":"https:\/\/migracao.redenoticia.com.br\/noticia\/wp-json\/wp\/v2\/types\/post"}],"author":[{"embeddable":true,"href":"https:\/\/migracao.redenoticia.com.br\/noticia\/wp-json\/wp\/v2\/users\/3"}],"replies":[{"embeddable":true,"href":"https:\/\/migracao.redenoticia.com.br\/noticia\/wp-json\/wp\/v2\/comments?post=36307"}],"version-history":[{"count":0,"href":"https:\/\/migracao.redenoticia.com.br\/noticia\/wp-json\/wp\/v2\/posts\/36307\/revisions"}],"wp:featuredmedia":[{"embeddable":true,"href":"https:\/\/migracao.redenoticia.com.br\/noticia\/wp-json\/wp\/v2\/media\/36246"}],"wp:attachment":[{"href":"https:\/\/migracao.redenoticia.com.br\/noticia\/wp-json\/wp\/v2\/media?parent=36307"}],"wp:term":[{"taxonomy":"category","embeddable":true,"href":"https:\/\/migracao.redenoticia.com.br\/noticia\/wp-json\/wp\/v2\/categories?post=36307"},{"taxonomy":"post_tag","embeddable":true,"href":"https:\/\/migracao.redenoticia.com.br\/noticia\/wp-json\/wp\/v2\/tags?post=36307"}],"curies":[{"name":"wp","href":"https:\/\/api.w.org\/{rel}","templated":true}]}}